{"id":10128,"date":"2023-10-26T22:04:22","date_gmt":"2023-10-26T20:04:22","guid":{"rendered":"https:\/\/www.neufundlaender-vom-baerenfels.de\/?p=10128"},"modified":"2023-10-26T22:05:31","modified_gmt":"2023-10-26T20:05:31","slug":"zuchtzulassung-helene-vom-baerenfels","status":"publish","type":"post","link":"https:\/\/www.neufundlaender-vom-baerenfels.de\/?p=10128","title":{"rendered":"Zuchtzulassung Helene vom B\u00e4renfels"},"content":{"rendered":"\n\n\n<p><\/p>\n\n\n\n<p>Auch mit unserer schwarzen H\u00fcndin Helene vom B\u00e4renfels &#8211; genannt Leni &#8211; hatten wir die zur Zuchtzulassung ben\u00f6tigten&nbsp; Ausstellungen besucht.&nbsp; Bei der ERZ Europasiegerschau am 26.03.2023 in Babenhausen belegte sie den 2. Platz.<\/p>\n<p>Bei der ADKN Klubsiegerschau f\u00fcr Neufundl\u00e4nder und Landseer 2023 am 03.09.2023 in Bad Laasphe startete Leni in der Junghundklasse und konnte den 1. Platz erringen. An diesem Tag stellten wir sie auch zur Zuchttauglichkeitspr\u00fcfung vor.<\/p>\n<p>Am 19.09.2023 vereinbarten wir den Termin beim R\u00f6ntgen-Tierarzt, um Bilder von H\u00fcfte und Ellbogen an den Gutachter schicken zu k\u00f6nnen.<\/p>\n\n\n\n<p>Die HD- und ED-Auswertung, die Zuchtzulassung und Ahnentafel sind&nbsp; Ende Oktober eingetroffen!&nbsp;&nbsp; Wir freuen uns riesig, dass wir auch mit unserer Nachwuchsh\u00fcndin aus eigener Zucht nun weiter planen k\u00f6nnen.<\/p>\n<p>Nun warten&nbsp; wir gespannt auf die n\u00e4chste L\u00e4ufigkeit und hoffen auf Welpen im&nbsp; Jahr 2024.<\/p>\n<p>&nbsp;<\/p>\n\n\n\n<figure class=\"wp-block-image size-large is-style-default\"><a href=\"https:\/\/www.neufundlaender-vom-baerenfels.de\/wp-content\/uploads\/2023\/10\/Zuchtzulassung-Leni.jpg\"><img loading=\"lazy\" decoding=\"async\" width=\"1024\" height=\"724\" src=\"https:\/\/www.neufundlaender-vom-baerenfels.de\/wp-content\/uploads\/2023\/10\/Zuchtzulassung-Leni-1024x724.jpg\" alt=\"\" class=\"wp-image-10130\" srcset=\"https:\/\/www.neufundlaender-vom-baerenfels.de\/wp-content\/uploads\/2023\/10\/Zuchtzulassung-Leni-1024x724.jpg 1024w, https:\/\/www.neufundlaender-vom-baerenfels.de\/wp-content\/uploads\/2023\/10\/Zuchtzulassung-Leni-300x212.jpg 300w, https:\/\/www.neufundlaender-vom-baerenfels.de\/wp-content\/uploads\/2023\/10\/Zuchtzulassung-Leni-768x543.jpg 768w, https:\/\/www.neufundlaender-vom-baerenfels.de\/wp-content\/uploads\/2023\/10\/Zuchtzulassung-Leni-1536x1086.jpg 1536w, https:\/\/www.neufundlaender-vom-baerenfels.de\/wp-content\/uploads\/2023\/10\/Zuchtzulassung-Leni.jpg 1754w\" sizes=\"auto, (max-width: 1024px) 100vw, 1024px\" \/><\/a><\/figure>\n","protected":false},"excerpt":{"rendered":"<p>Auch mit unserer schwarzen H\u00fcndin Helene vom B\u00e4renfels &#8211; genannt Leni &#8211; hatten wir die zur Zuchtzulassung ben\u00f6tigten&nbsp; Ausstellungen besucht.&nbsp; Bei der ERZ Europasiegerschau am 26.03.2023 in Babenhausen belegte sie den 2. Platz. Bei der ADKN Klubsiegerschau f\u00fcr Neufundl\u00e4nder und Landseer 2023 am 03.09.2023 in Bad Laasphe startete Leni in der Junghundklasse und konnte den &hellip; <a href=\"https:\/\/www.neufundlaender-vom-baerenfels.de\/?p=10128\" class=\"more-link\"><span class=\"screen-reader-text\">Zuchtzulassung Helene vom B\u00e4renfels<\/span> weiterlesen <span class=\"meta-nav\">&rarr;<\/span><\/a><\/p>\n","protected":false},"author":1,"featured_media":10132,"comment_status":"closed","ping_status":"closed","sticky":false,"template":"","format":"standard","meta":{"ngg_post_thumbnail":0,"footnotes":""},"categories":[117,1],"tags":[],"class_list":["post-10128","post","type-post","status-publish","format-standard","has-post-thumbnail","hentry","category-helene-vom-baerenfels","category-allgemein"],"_links":{"self":[{"href":"https:\/\/www.neufundlaender-vom-baerenfels.de\/index.php?rest_route=\/wp\/v2\/posts\/10128","targetHints":{"allow":["GET"]}}],"collection":[{"href":"https:\/\/www.neufundlaender-vom-baerenfels.de\/index.php?rest_route=\/wp\/v2\/posts"}],"about":[{"href":"https:\/\/www.neufundlaender-vom-baerenfels.de\/index.php?rest_route=\/wp\/v2\/types\/post"}],"author":[{"embeddable":true,"href":"https:\/\/www.neufundlaender-vom-baerenfels.de\/index.php?rest_route=\/wp\/v2\/users\/1"}],"replies":[{"embeddable":true,"href":"https:\/\/www.neufundlaender-vom-baerenfels.de\/index.php?rest_route=%2Fwp%2Fv2%2Fcomments&post=10128"}],"version-history":[{"count":3,"href":"https:\/\/www.neufundlaender-vom-baerenfels.de\/index.php?rest_route=\/wp\/v2\/posts\/10128\/revisions"}],"predecessor-version":[{"id":10134,"href":"https:\/\/www.neufundlaender-vom-baerenfels.de\/index.php?rest_route=\/wp\/v2\/posts\/10128\/revisions\/10134"}],"wp:featuredmedia":[{"embeddable":true,"href":"https:\/\/www.neufundlaender-vom-baerenfels.de\/index.php?rest_route=\/wp\/v2\/media\/10132"}],"wp:attachment":[{"href":"https:\/\/www.neufundlaender-vom-baerenfels.de\/index.php?rest_route=%2Fwp%2Fv2%2Fmedia&parent=10128"}],"wp:term":[{"taxonomy":"category","embeddable":true,"href":"https:\/\/www.neufundlaender-vom-baerenfels.de\/index.php?rest_route=%2Fwp%2Fv2%2Fcategories&post=10128"},{"taxonomy":"post_tag","embeddable":true,"href":"https:\/\/www.neufundlaender-vom-baerenfels.de\/index.php?rest_route=%2Fwp%2Fv2%2Ftags&post=10128"}],"curies":[{"name":"wp","href":"https:\/\/api.w.org\/{rel}","templated":true}]}}