{"id":10285,"date":"2024-05-03T14:35:57","date_gmt":"2024-05-03T12:35:57","guid":{"rendered":"https:\/\/www.neufundlaender-vom-baerenfels.de\/?p=10285"},"modified":"2024-05-03T20:45:43","modified_gmt":"2024-05-03T18:45:43","slug":"teddybilder-vom-03-05-2024","status":"publish","type":"post","link":"https:\/\/www.neufundlaender-vom-baerenfels.de\/?p=10285","title":{"rendered":"Teddybilder vom 03.05.2024"},"content":{"rendered":"\n<p class=\"wp-block-paragraph\">Mit etwas Verz\u00f6gerung das 2. Fotoshooting f\u00fcr die Teddybilder am Freitag, 03.05.2024. Die 6 B\u00e4rchen haben in den 10 Tagen seit dem ersten Fototermin von 5.935 g um 5955 g auf 11890 g das Gewicht verdoppelt.<\/p>\n\n\n\nngg_shortcode_0_placeholder\n\n\n\n<p class=\"wp-block-paragraph\"><\/p>\n\n\n\n<p class=\"wp-block-paragraph\">Jeder Welpe hat nun eine eigene Seite, die sich so nach und nach f\u00fcllt.<\/p>\n\n\n\n<p class=\"wp-block-paragraph\">Hier geht&#8217;s zum Welpen 1 <a href=\"https:\/\/www.neufundlaender-vom-baerenfels.de\/?page_id=10304\" data-type=\"URL\" data-id=\"https:\/\/www.neufundlaender-vom-baerenfels.de\/?page_id=9007\" target=\"_blank\" rel=\"noreferrer noopener\">R\u00fcde schwarz &#8211; blaues B\u00e4ndchen<\/a><\/p>\n\n\n\n<p class=\"wp-block-paragraph\">Hier geht&#8217;s zum<a href=\"https:\/\/www.neufundlaender-vom-baerenfels.de\/?page_id=8081\" target=\"_blank\" rel=\"noreferrer noopener\"> <\/a>Welpen 2 <a href=\"https:\/\/www.neufundlaender-vom-baerenfels.de\/?page_id=10318\" target=\"_blank\" rel=\"noreferrer noopener\">H\u00fcndin schwarz &#8211; rosa B\u00e4ndchen<\/a><\/p>\n\n\n\n<p class=\"wp-block-paragraph\">Hier geht&#8217;s zum<a href=\"https:\/\/www.neufundlaender-vom-baerenfels.de\/?page_id=8084\" target=\"_blank\" rel=\"noreferrer noopener\"> <\/a>Welpen 3 <a href=\"https:\/\/www.neufundlaender-vom-baerenfels.de\/?page_id=10325\" target=\"_blank\" rel=\"noreferrer noopener\">R\u00fcde schwarz &#8211; lila B\u00e4ndchen<\/a><\/p>\n\n\n\n<p class=\"wp-block-paragraph\">Hier geht&#8217;s zum Welpen 4 <a href=\"https:\/\/www.neufundlaender-vom-baerenfels.de\/?page_id=10340\" target=\"_blank\" rel=\"noreferrer noopener\">R\u00fcde schwarz &#8211; gr\u00fcnes B\u00e4ndchen<\/a> <\/p>\n\n\n\n<p class=\"wp-block-paragraph\">Hier geht&#8217;s zum Welpen 5 <a href=\"https:\/\/www.neufundlaender-vom-baerenfels.de\/?page_id=10342\" target=\"_blank\" rel=\"noreferrer noopener\">H\u00fcndin schwarz &#8211; gelbes B\u00e4nchen<\/a><\/p>\n\n\n\n<p class=\"wp-block-paragraph\">Hier geht&#8217;s zum Welpen 6 <a href=\"https:\/\/www.neufundlaender-vom-baerenfels.de\/?page_id=10345\">R\u00fcde schwarz &#8211; hellblaues B\u00e4ndchen<\/a><\/p>\n\n\n\n<p class=\"wp-block-paragraph\"><\/p>\n\n\n","protected":false},"excerpt":{"rendered":"<p>Mit etwas Verz\u00f6gerung das 2. Fotoshooting f\u00fcr die Teddybilder am Freitag, 03.05.2024. Die 6 B\u00e4rchen haben in den 10 Tagen seit dem ersten Fototermin von 5.935 g um 5955 g auf 11890 g das Gewicht verdoppelt. Jeder Welpe hat nun eine eigene Seite, die sich so nach und nach f\u00fcllt. Hier geht&#8217;s zum Welpen 1 &hellip; <a href=\"https:\/\/www.neufundlaender-vom-baerenfels.de\/?p=10285\" class=\"more-link\"><span class=\"screen-reader-text\">Teddybilder vom 03.05.2024<\/span> weiterlesen <span class=\"meta-nav\">&rarr;<\/span><\/a><\/p>\n","protected":false},"author":1,"featured_media":10293,"comment_status":"closed","ping_status":"closed","sticky":false,"template":"","format":"gallery","meta":{"ngg_post_thumbnail":0,"footnotes":""},"categories":[122],"tags":[],"class_list":["post-10285","post","type-post","status-publish","format-gallery","has-post-thumbnail","hentry","category-beitraege-i-wurf","post_format-post-format-gallery"],"_links":{"self":[{"href":"https:\/\/www.neufundlaender-vom-baerenfels.de\/index.php?rest_route=\/wp\/v2\/posts\/10285","targetHints":{"allow":["GET"]}}],"collection":[{"href":"https:\/\/www.neufundlaender-vom-baerenfels.de\/index.php?rest_route=\/wp\/v2\/posts"}],"about":[{"href":"https:\/\/www.neufundlaender-vom-baerenfels.de\/index.php?rest_route=\/wp\/v2\/types\/post"}],"author":[{"embeddable":true,"href":"https:\/\/www.neufundlaender-vom-baerenfels.de\/index.php?rest_route=\/wp\/v2\/users\/1"}],"replies":[{"embeddable":true,"href":"https:\/\/www.neufundlaender-vom-baerenfels.de\/index.php?rest_route=%2Fwp%2Fv2%2Fcomments&post=10285"}],"version-history":[{"count":7,"href":"https:\/\/www.neufundlaender-vom-baerenfels.de\/index.php?rest_route=\/wp\/v2\/posts\/10285\/revisions"}],"predecessor-version":[{"id":10361,"href":"https:\/\/www.neufundlaender-vom-baerenfels.de\/index.php?rest_route=\/wp\/v2\/posts\/10285\/revisions\/10361"}],"wp:featuredmedia":[{"embeddable":true,"href":"https:\/\/www.neufundlaender-vom-baerenfels.de\/index.php?rest_route=\/wp\/v2\/media\/10293"}],"wp:attachment":[{"href":"https:\/\/www.neufundlaender-vom-baerenfels.de\/index.php?rest_route=%2Fwp%2Fv2%2Fmedia&parent=10285"}],"wp:term":[{"taxonomy":"category","embeddable":true,"href":"https:\/\/www.neufundlaender-vom-baerenfels.de\/index.php?rest_route=%2Fwp%2Fv2%2Fcategories&post=10285"},{"taxonomy":"post_tag","embeddable":true,"href":"https:\/\/www.neufundlaender-vom-baerenfels.de\/index.php?rest_route=%2Fwp%2Fv2%2Ftags&post=10285"}],"curies":[{"name":"wp","href":"https:\/\/api.w.org\/{rel}","templated":true}]}}