{"id":10736,"date":"2024-06-23T12:54:07","date_gmt":"2024-06-23T10:54:07","guid":{"rendered":"https:\/\/www.neufundlaender-vom-baerenfels.de\/?p=10736"},"modified":"2024-06-24T20:37:06","modified_gmt":"2024-06-24T18:37:06","slug":"abschiednehmen","status":"publish","type":"post","link":"https:\/\/www.neufundlaender-vom-baerenfels.de\/?p=10736","title":{"rendered":"Abschiednehmen"},"content":{"rendered":"\n\n\n<p>Es ist soweit. Die Koffer sind gepackt. Der Umzug zu den neuen Familien ist im Gange. Wir haben f\u00fcr alle ein tolles Zuhause gefunden und uns erreichen zahlreiche Videos von gl\u00fccklichen Welpen.<\/p>\n<p>Heute, Sonntag, 23.06.2024 ist mit Benjamin der vierte Welpe ausgezogen. Monique und Kees van der Have haben ihr neues Familienmitglied abgeholt. Auf Benny warten bereits drei Neufi-Damen im Hundeferienpark<a href=\"https:\/\/www.dogglywood.de\/\" target=\"_blank\" rel=\"noopener\"> &#8222;Dogglywood&#8220;<\/a> im sch\u00f6nen Th\u00fcringer Wald, dem gr\u00fcnen Herzen Deutschlands.<\/p>\n<p>Benjamin ist ein sehr aufgeschlossener, freundlicher kleiner Kerl, der bei der \u00dcbergabe 11,64 kg auf die Waage brachte.<\/p>\n\n\n\n<figure class=\"wp-block-image size-large is-style-default\"><a href=\"https:\/\/www.neufundlaender-vom-baerenfels.de\/wp-content\/uploads\/2024\/06\/Abschiedsbild-blau-Isaak-Benjamin.jpg\"><img loading=\"lazy\" decoding=\"async\" width=\"709\" height=\"1024\" src=\"https:\/\/www.neufundlaender-vom-baerenfels.de\/wp-content\/uploads\/2024\/06\/Abschiedsbild-blau-Isaak-Benjamin-709x1024.jpg\" alt=\"\" class=\"wp-image-10738\" srcset=\"https:\/\/www.neufundlaender-vom-baerenfels.de\/wp-content\/uploads\/2024\/06\/Abschiedsbild-blau-Isaak-Benjamin-709x1024.jpg 709w, https:\/\/www.neufundlaender-vom-baerenfels.de\/wp-content\/uploads\/2024\/06\/Abschiedsbild-blau-Isaak-Benjamin-208x300.jpg 208w, https:\/\/www.neufundlaender-vom-baerenfels.de\/wp-content\/uploads\/2024\/06\/Abschiedsbild-blau-Isaak-Benjamin-768x1109.jpg 768w, https:\/\/www.neufundlaender-vom-baerenfels.de\/wp-content\/uploads\/2024\/06\/Abschiedsbild-blau-Isaak-Benjamin.jpg 1063w\" sizes=\"auto, (max-width: 709px) 100vw, 709px\" \/><\/a><\/figure>\n\n\n\n<p>Am Samstag, 22.06.2024 ist die Wasserratte Icy-Elsa mit einem \u00dcbergabegewicht von stolzen 13,37 kg umgezogen in den Landkreis Erding in Oberbayern und wohnt dort bei einer Familie mit 2 M\u00e4dels und Katzen:<\/p>\n\n\n\n<figure class=\"wp-block-image size-large is-style-default\"><a href=\"https:\/\/www.neufundlaender-vom-baerenfels.de\/wp-content\/uploads\/2024\/06\/Abschiedsbild-rosa-Icy-Elsa.jpg\"><img loading=\"lazy\" decoding=\"async\" width=\"709\" height=\"1024\" src=\"https:\/\/www.neufundlaender-vom-baerenfels.de\/wp-content\/uploads\/2024\/06\/Abschiedsbild-rosa-Icy-Elsa-709x1024.jpg\" alt=\"\" class=\"wp-image-10734\" srcset=\"https:\/\/www.neufundlaender-vom-baerenfels.de\/wp-content\/uploads\/2024\/06\/Abschiedsbild-rosa-Icy-Elsa-709x1024.jpg 709w, https:\/\/www.neufundlaender-vom-baerenfels.de\/wp-content\/uploads\/2024\/06\/Abschiedsbild-rosa-Icy-Elsa-208x300.jpg 208w, https:\/\/www.neufundlaender-vom-baerenfels.de\/wp-content\/uploads\/2024\/06\/Abschiedsbild-rosa-Icy-Elsa-768x1109.jpg 768w, https:\/\/www.neufundlaender-vom-baerenfels.de\/wp-content\/uploads\/2024\/06\/Abschiedsbild-rosa-Icy-Elsa.jpg 1063w\" sizes=\"auto, (max-width: 709px) 100vw, 709px\" \/><\/a><\/figure>\n\n\n\n<p>Am Dienstag, 18.06.2024 sind die ersten beiden Welpen ausgezogen.<\/p>\n<p>Ignatius Belerion vom B\u00e4renfels, genannt Baloo ist zu seinem neuen Besitzer in den Rhein-Pfalz-Kreis&nbsp; in Rheinland-Pfalz umgezogen und brachte da schon 12,35 kg auf die Waage:<\/p>\n\n\n\n<figure class=\"wp-block-image size-large is-style-default\"><a href=\"https:\/\/www.neufundlaender-vom-baerenfels.de\/wp-content\/uploads\/2024\/06\/Abschiedsbild-hellblau-Ignatius-Balerion.jpg\"><img loading=\"lazy\" decoding=\"async\" width=\"709\" height=\"1024\" src=\"https:\/\/www.neufundlaender-vom-baerenfels.de\/wp-content\/uploads\/2024\/06\/Abschiedsbild-hellblau-Ignatius-Balerion-709x1024.jpg\" alt=\"\" class=\"wp-image-10718\" srcset=\"https:\/\/www.neufundlaender-vom-baerenfels.de\/wp-content\/uploads\/2024\/06\/Abschiedsbild-hellblau-Ignatius-Balerion-709x1024.jpg 709w, https:\/\/www.neufundlaender-vom-baerenfels.de\/wp-content\/uploads\/2024\/06\/Abschiedsbild-hellblau-Ignatius-Balerion-208x300.jpg 208w, https:\/\/www.neufundlaender-vom-baerenfels.de\/wp-content\/uploads\/2024\/06\/Abschiedsbild-hellblau-Ignatius-Balerion-768x1109.jpg 768w, https:\/\/www.neufundlaender-vom-baerenfels.de\/wp-content\/uploads\/2024\/06\/Abschiedsbild-hellblau-Ignatius-Balerion.jpg 1063w\" sizes=\"auto, (max-width: 709px) 100vw, 709px\" \/><\/a><\/figure>\n\n\n\n<p>Ilma-Elsa vom B\u00e4renfels wurde schon sehns\u00fcchtig im neuen Zusause im Main-Kinzig-Kreis in Hessen erwartet. Dort trifft sie auf zwei Berner-Damen und Katzen und die R\u00fcckmeldungen und Videos beweisen, dass sie dort schon richtig toll angekommen ist.<\/p>\n\n\n\n<figure class=\"wp-block-image size-large is-style-default\"><a href=\"https:\/\/www.neufundlaender-vom-baerenfels.de\/wp-content\/uploads\/2024\/06\/Abschiedsbild-gelb-Ilma-Elsa.jpg\"><img loading=\"lazy\" decoding=\"async\" width=\"709\" height=\"1024\" src=\"https:\/\/www.neufundlaender-vom-baerenfels.de\/wp-content\/uploads\/2024\/06\/Abschiedsbild-gelb-Ilma-Elsa-709x1024.jpg\" alt=\"\" class=\"wp-image-10717\" srcset=\"https:\/\/www.neufundlaender-vom-baerenfels.de\/wp-content\/uploads\/2024\/06\/Abschiedsbild-gelb-Ilma-Elsa-709x1024.jpg 709w, https:\/\/www.neufundlaender-vom-baerenfels.de\/wp-content\/uploads\/2024\/06\/Abschiedsbild-gelb-Ilma-Elsa-208x300.jpg 208w, https:\/\/www.neufundlaender-vom-baerenfels.de\/wp-content\/uploads\/2024\/06\/Abschiedsbild-gelb-Ilma-Elsa-768x1109.jpg 768w, https:\/\/www.neufundlaender-vom-baerenfels.de\/wp-content\/uploads\/2024\/06\/Abschiedsbild-gelb-Ilma-Elsa.jpg 1063w\" sizes=\"auto, (max-width: 709px) 100vw, 709px\" \/><\/a><\/figure>\n","protected":false},"excerpt":{"rendered":"<p>Es ist soweit. Die Koffer sind gepackt. Der Umzug zu den neuen Familien ist im Gange. Wir haben f\u00fcr alle ein tolles Zuhause gefunden und uns erreichen zahlreiche Videos von gl\u00fccklichen Welpen. Heute, Sonntag, 23.06.2024 ist mit Benjamin der vierte Welpe ausgezogen. Monique und Kees van der Have haben ihr neues Familienmitglied abgeholt. Auf Benny &hellip; <a href=\"https:\/\/www.neufundlaender-vom-baerenfels.de\/?p=10736\" class=\"more-link\"><span class=\"screen-reader-text\">Abschiednehmen<\/span> weiterlesen <span class=\"meta-nav\">&rarr;<\/span><\/a><\/p>\n","protected":false},"author":1,"featured_media":10755,"comment_status":"closed","ping_status":"closed","sticky":false,"template":"","format":"standard","meta":{"ngg_post_thumbnail":0,"footnotes":""},"categories":[122],"tags":[],"class_list":["post-10736","post","type-post","status-publish","format-standard","has-post-thumbnail","hentry","category-beitraege-i-wurf"],"_links":{"self":[{"href":"https:\/\/www.neufundlaender-vom-baerenfels.de\/index.php?rest_route=\/wp\/v2\/posts\/10736","targetHints":{"allow":["GET"]}}],"collection":[{"href":"https:\/\/www.neufundlaender-vom-baerenfels.de\/index.php?rest_route=\/wp\/v2\/posts"}],"about":[{"href":"https:\/\/www.neufundlaender-vom-baerenfels.de\/index.php?rest_route=\/wp\/v2\/types\/post"}],"author":[{"embeddable":true,"href":"https:\/\/www.neufundlaender-vom-baerenfels.de\/index.php?rest_route=\/wp\/v2\/users\/1"}],"replies":[{"embeddable":true,"href":"https:\/\/www.neufundlaender-vom-baerenfels.de\/index.php?rest_route=%2Fwp%2Fv2%2Fcomments&post=10736"}],"version-history":[{"count":5,"href":"https:\/\/www.neufundlaender-vom-baerenfels.de\/index.php?rest_route=\/wp\/v2\/posts\/10736\/revisions"}],"predecessor-version":[{"id":10743,"href":"https:\/\/www.neufundlaender-vom-baerenfels.de\/index.php?rest_route=\/wp\/v2\/posts\/10736\/revisions\/10743"}],"wp:featuredmedia":[{"embeddable":true,"href":"https:\/\/www.neufundlaender-vom-baerenfels.de\/index.php?rest_route=\/wp\/v2\/media\/10755"}],"wp:attachment":[{"href":"https:\/\/www.neufundlaender-vom-baerenfels.de\/index.php?rest_route=%2Fwp%2Fv2%2Fmedia&parent=10736"}],"wp:term":[{"taxonomy":"category","embeddable":true,"href":"https:\/\/www.neufundlaender-vom-baerenfels.de\/index.php?rest_route=%2Fwp%2Fv2%2Fcategories&post=10736"},{"taxonomy":"post_tag","embeddable":true,"href":"https:\/\/www.neufundlaender-vom-baerenfels.de\/index.php?rest_route=%2Fwp%2Fv2%2Ftags&post=10736"}],"curies":[{"name":"wp","href":"https:\/\/api.w.org\/{rel}","templated":true}]}}