{"id":11205,"date":"2025-05-07T20:33:32","date_gmt":"2025-05-07T18:33:32","guid":{"rendered":"https:\/\/www.neufundlaender-vom-baerenfels.de\/?p=11205"},"modified":"2025-05-07T20:36:35","modified_gmt":"2025-05-07T18:36:35","slug":"umzug-in-den-wintergarten","status":"publish","type":"post","link":"https:\/\/www.neufundlaender-vom-baerenfels.de\/?p=11205","title":{"rendered":"Umzug in den Wintergarten"},"content":{"rendered":"\n<p>Die Entwicklung der B\u00e4renfels-Racker schreitet mit gro\u00dfen Schritten voran. Kaum sind die acht B\u00e4rchen der Wurfkiste entwachsen und haben zwei Tage im Welpenzimmer verbracht, steht wieder ein weiterer Meilenstein auf dem Programm:&nbsp; Der&nbsp; Umzug in den Wintergarten.<\/p>\n<p>Dort verbringen die Welpen nun den Tag. Die neue Umgebung bringt erstmal richtig Aufregung mit sich. Nicht nur die Welpen m\u00fcssen beruhigt werden. Auch Mama Leni ist das nicht ganz geheuer. Sie duldet weder Frieda noch Rosi in der N\u00e4he der Welpen. Lediglich Manni traut sich zu den Welpen, wird dann aber recht energisch von der jungen Mama weggeschickt.<\/p>\n\n\n\n<figure class=\"wp-block-embed is-type-video is-provider-youtube wp-block-embed-youtube wp-embed-aspect-16-9 wp-has-aspect-ratio\"><div class=\"wp-block-embed__wrapper\">\n<iframe loading=\"lazy\" title=\"B\u00e4renfels J-Wurf - Umzug in den Wintergarten\" width=\"474\" height=\"267\" src=\"https:\/\/www.youtube.com\/embed\/STYgB_wSYLM?feature=oembed\" frameborder=\"0\" allow=\"accelerometer; autoplay; clipboard-write; encrypted-media; gyroscope; picture-in-picture; web-share\" referrerpolicy=\"strict-origin-when-cross-origin\" allowfullscreen><\/iframe>\n<\/div><\/figure>\n","protected":false},"excerpt":{"rendered":"<p>Die Entwicklung der B\u00e4renfels-Racker schreitet mit gro\u00dfen Schritten voran. Kaum sind die acht B\u00e4rchen der Wurfkiste entwachsen und haben zwei Tage im Welpenzimmer verbracht, steht wieder ein weiterer Meilenstein auf dem Programm:&nbsp; Der&nbsp; Umzug in den Wintergarten. Dort verbringen die Welpen nun den Tag. Die neue Umgebung bringt erstmal richtig Aufregung mit sich. Nicht nur &hellip; <a href=\"https:\/\/www.neufundlaender-vom-baerenfels.de\/?p=11205\" class=\"more-link\"><span class=\"screen-reader-text\">Umzug in den Wintergarten<\/span> weiterlesen <span class=\"meta-nav\">&rarr;<\/span><\/a><\/p>\n","protected":false},"author":1,"featured_media":11207,"comment_status":"closed","ping_status":"closed","sticky":false,"template":"","format":"standard","meta":{"ngg_post_thumbnail":0,"footnotes":""},"categories":[125],"tags":[],"class_list":["post-11205","post","type-post","status-publish","format-standard","has-post-thumbnail","hentry","category-beitraege-j-wurf"],"_links":{"self":[{"href":"https:\/\/www.neufundlaender-vom-baerenfels.de\/index.php?rest_route=\/wp\/v2\/posts\/11205","targetHints":{"allow":["GET"]}}],"collection":[{"href":"https:\/\/www.neufundlaender-vom-baerenfels.de\/index.php?rest_route=\/wp\/v2\/posts"}],"about":[{"href":"https:\/\/www.neufundlaender-vom-baerenfels.de\/index.php?rest_route=\/wp\/v2\/types\/post"}],"author":[{"embeddable":true,"href":"https:\/\/www.neufundlaender-vom-baerenfels.de\/index.php?rest_route=\/wp\/v2\/users\/1"}],"replies":[{"embeddable":true,"href":"https:\/\/www.neufundlaender-vom-baerenfels.de\/index.php?rest_route=%2Fwp%2Fv2%2Fcomments&post=11205"}],"version-history":[{"count":2,"href":"https:\/\/www.neufundlaender-vom-baerenfels.de\/index.php?rest_route=\/wp\/v2\/posts\/11205\/revisions"}],"predecessor-version":[{"id":11209,"href":"https:\/\/www.neufundlaender-vom-baerenfels.de\/index.php?rest_route=\/wp\/v2\/posts\/11205\/revisions\/11209"}],"wp:featuredmedia":[{"embeddable":true,"href":"https:\/\/www.neufundlaender-vom-baerenfels.de\/index.php?rest_route=\/wp\/v2\/media\/11207"}],"wp:attachment":[{"href":"https:\/\/www.neufundlaender-vom-baerenfels.de\/index.php?rest_route=%2Fwp%2Fv2%2Fmedia&parent=11205"}],"wp:term":[{"taxonomy":"category","embeddable":true,"href":"https:\/\/www.neufundlaender-vom-baerenfels.de\/index.php?rest_route=%2Fwp%2Fv2%2Fcategories&post=11205"},{"taxonomy":"post_tag","embeddable":true,"href":"https:\/\/www.neufundlaender-vom-baerenfels.de\/index.php?rest_route=%2Fwp%2Fv2%2Ftags&post=11205"}],"curies":[{"name":"wp","href":"https:\/\/api.w.org\/{rel}","templated":true}]}}