{"id":11240,"date":"2025-05-11T17:49:45","date_gmt":"2025-05-11T15:49:45","guid":{"rendered":"https:\/\/www.neufundlaender-vom-baerenfels.de\/?p=11240"},"modified":"2025-05-11T17:51:20","modified_gmt":"2025-05-11T15:51:20","slug":"teddybilder-vom-11-05-2025","status":"publish","type":"post","link":"https:\/\/www.neufundlaender-vom-baerenfels.de\/?p=11240","title":{"rendered":"Teddybilder vom 11.05.2025"},"content":{"rendered":"\n<p>Der f\u00fcnfte Fototermin stand am Sonntag, 11.05.2025 auf dem Programm. Diesmal am fr\u00fchen Vormittag, da am Wochenende Besuchszeit angesagt war und wir die k\u00fcnftigen Welpenbesitzer kennen lernen durften.  Die acht Welpen haben in der vergangenen Woche insgesamt 10,68 kg zugelegt und bringen zusammen ein Gewicht von 37 kg auf die Waage .<\/p>\n\n\n\nngg_shortcode_0_placeholder\n\n\n\n<p><\/p>\n\n\n\n<p><\/p>\n\n\n\n<p>Jeder Welpe hat nun eine eigene Seite, die sich so nach und nach f\u00fcllt.<\/p>\n\n\n\n<p>Hier geht&#8217;s zum Welpen 1 <a href=\"https:\/\/www.neufundlaender-vom-baerenfels.de\/?page_id=10947\">R\u00fcde schwarz &#8211; blaues B\u00e4ndchen<\/a><\/p>\n\n\n\n<p>Hier geht&#8217;s zum<a href=\"https:\/\/www.neufundlaender-vom-baerenfels.de\/?page_id=8081\" target=\"_blank\" rel=\"noreferrer noopener\"> <\/a>Welpen 2 <a href=\"https:\/\/www.neufundlaender-vom-baerenfels.de\/?page_id=10944\">R\u00fcde schwarz &#8211; gr\u00fcnes B\u00e4ndchen<\/a><\/p>\n\n\n\n<p>Hier geht&#8217;s zum<a href=\"https:\/\/www.neufundlaender-vom-baerenfels.de\/?page_id=8084\" target=\"_blank\" rel=\"noreferrer noopener\"> <\/a>Welpen 3 <a href=\"https:\/\/www.neufundlaender-vom-baerenfels.de\/?page_id=10949\">H\u00fcndin schwarz &#8211; rotes B\u00e4ndchen<\/a><\/p>\n\n\n\n<p>Hier geht&#8217;s zum Welpen 4 <a href=\"https:\/\/www.neufundlaender-vom-baerenfels.de\/?page_id=10951\">H\u00fcndin braun &#8211; orangenes B\u00e4ndchen<\/a><\/p>\n\n\n\n<p>Hier geht&#8217;s zum Welpen 5<a href=\"https:\/\/www.neufundlaender-vom-baerenfels.de\/?page_id=10953\"> R\u00fcde schwarz &#8211; lilanes B\u00e4ndchen<\/a><\/p>\n\n\n\n<p>Hier geht&#8217;s zum Welpen 6 <a href=\"https:\/\/www.neufundlaender-vom-baerenfels.de\/?page_id=10955\">H\u00fcndin braun &#8211; graues B\u00e4ndchen<\/a><\/p>\n\n\n\n<p>Hier geht&#8217;s zum Welpen 7 <a href=\"https:\/\/www.neufundlaender-vom-baerenfels.de\/?page_id=10957\">R\u00fcde schwarz &#8211; hellblaues B\u00e4ndchen<\/a><\/p>\n\n\n\n<p><\/p>\n\n\n\n<p>Hier geht&#8217;s zum Welpen 8 <a href=\"https:\/\/www.neufundlaender-vom-baerenfels.de\/?page_id=10959\">R\u00fcde braun &#8211; gelbes B\u00e4ndchen<\/a><\/p>\n\n\n\n\n\n\n\n\n\n\n\n\n","protected":false},"excerpt":{"rendered":"<p>Der f\u00fcnfte Fototermin stand am Sonntag, 11.05.2025 auf dem Programm. Diesmal am fr\u00fchen Vormittag, da am Wochenende Besuchszeit angesagt war und wir die k\u00fcnftigen Welpenbesitzer kennen lernen durften. Die acht Welpen haben in der vergangenen Woche insgesamt 10,68 kg zugelegt und bringen zusammen ein Gewicht von 37 kg auf die Waage . Jeder Welpe hat &hellip; <a href=\"https:\/\/www.neufundlaender-vom-baerenfels.de\/?p=11240\" class=\"more-link\"><span class=\"screen-reader-text\">Teddybilder vom 11.05.2025<\/span> weiterlesen <span class=\"meta-nav\">&rarr;<\/span><\/a><\/p>\n","protected":false},"author":1,"featured_media":11222,"comment_status":"closed","ping_status":"closed","sticky":false,"template":"","format":"gallery","meta":{"ngg_post_thumbnail":0,"footnotes":""},"categories":[125],"tags":[],"class_list":["post-11240","post","type-post","status-publish","format-gallery","has-post-thumbnail","hentry","category-beitraege-j-wurf","post_format-post-format-gallery"],"_links":{"self":[{"href":"https:\/\/www.neufundlaender-vom-baerenfels.de\/index.php?rest_route=\/wp\/v2\/posts\/11240","targetHints":{"allow":["GET"]}}],"collection":[{"href":"https:\/\/www.neufundlaender-vom-baerenfels.de\/index.php?rest_route=\/wp\/v2\/posts"}],"about":[{"href":"https:\/\/www.neufundlaender-vom-baerenfels.de\/index.php?rest_route=\/wp\/v2\/types\/post"}],"author":[{"embeddable":true,"href":"https:\/\/www.neufundlaender-vom-baerenfels.de\/index.php?rest_route=\/wp\/v2\/users\/1"}],"replies":[{"embeddable":true,"href":"https:\/\/www.neufundlaender-vom-baerenfels.de\/index.php?rest_route=%2Fwp%2Fv2%2Fcomments&post=11240"}],"version-history":[{"count":1,"href":"https:\/\/www.neufundlaender-vom-baerenfels.de\/index.php?rest_route=\/wp\/v2\/posts\/11240\/revisions"}],"predecessor-version":[{"id":11241,"href":"https:\/\/www.neufundlaender-vom-baerenfels.de\/index.php?rest_route=\/wp\/v2\/posts\/11240\/revisions\/11241"}],"wp:featuredmedia":[{"embeddable":true,"href":"https:\/\/www.neufundlaender-vom-baerenfels.de\/index.php?rest_route=\/wp\/v2\/media\/11222"}],"wp:attachment":[{"href":"https:\/\/www.neufundlaender-vom-baerenfels.de\/index.php?rest_route=%2Fwp%2Fv2%2Fmedia&parent=11240"}],"wp:term":[{"taxonomy":"category","embeddable":true,"href":"https:\/\/www.neufundlaender-vom-baerenfels.de\/index.php?rest_route=%2Fwp%2Fv2%2Fcategories&post=11240"},{"taxonomy":"post_tag","embeddable":true,"href":"https:\/\/www.neufundlaender-vom-baerenfels.de\/index.php?rest_route=%2Fwp%2Fv2%2Ftags&post=11240"}],"curies":[{"name":"wp","href":"https:\/\/api.w.org\/{rel}","templated":true}]}}