{"id":11507,"date":"2025-09-13T18:43:05","date_gmt":"2025-09-13T16:43:05","guid":{"rendered":"https:\/\/www.neufundlaender-vom-baerenfels.de\/?p=11507"},"modified":"2025-09-13T18:46:11","modified_gmt":"2025-09-13T16:46:11","slug":"adkn-welpen-und-familientag-2025","status":"publish","type":"post","link":"https:\/\/www.neufundlaender-vom-baerenfels.de\/?p=11507","title":{"rendered":"ADKN Welpen- und Familientreffen 2025"},"content":{"rendered":"\n<p>Wir durften auch im Jahre 2025 den Welpen- und Familientag des ADKN austragen. F\u00fcr Sonntag, 17.08.2025 konnte wieder der Hundeplatz des HSV H\u00f6sbach als Veranstaltungsort angemietet werden.<\/p>\n<p>Aus Nah und Fern reisten Familien mit ihren Neufundl\u00e4nderhunden an. Besonders freuten wir uns, 4 Welpen aus dem J-Wurf und ein Junghund aus dem I-Wurf wieder zu sehen.<\/p>\n<p>Tochter Lisa gab eine Welpenstunde und legte hier besonders Wert auf eine kleine Physio-Stunde. Danach folgte ein Junghundetraining. Bianka Maier aus Sailauf brachte das Thema Fellpflege n\u00e4her und Eva Rehn zeigte, was Ausstellern auf einer Hundeshow erwartete.<\/p>\n<p>Die Temperaturen waren optimal f\u00fcr unsere B\u00e4rchen. Die G\u00e4ste sa\u00dfen im Schatten und konnten sich an der Salat- und Kuchentheke bedienen. Interssante Gespr\u00e4che unter Gleichgesinnten sorgten daf\u00fcr, dass der Tag im Flug verging.<\/p>\n<p>Vielen Dank an die Helfer vom Stammtisch Spessart f\u00fcr die tatkr\u00e4ftige Unterst\u00fctzung.&nbsp;<\/p>\n<p>&nbsp;<\/p>\n\n\n\n<figure class=\"wp-block-embed is-type-video is-provider-youtube wp-block-embed-youtube wp-embed-aspect-16-9 wp-has-aspect-ratio\"><div class=\"wp-block-embed__wrapper\">\n<iframe loading=\"lazy\" title=\"ADKN Welpen-  und Familientag 2025\" width=\"474\" height=\"267\" src=\"https:\/\/www.youtube.com\/embed\/0UmecDcVyw4?start=185&#038;feature=oembed\" frameborder=\"0\" allow=\"accelerometer; autoplay; clipboard-write; encrypted-media; gyroscope; picture-in-picture; web-share\" referrerpolicy=\"strict-origin-when-cross-origin\" allowfullscreen><\/iframe>\n<\/div><\/figure>\n","protected":false},"excerpt":{"rendered":"<p>Wir durften auch im Jahre 2025 den Welpen- und Familientag des ADKN austragen. F\u00fcr Sonntag, 17.08.2025 konnte wieder der Hundeplatz des HSV H\u00f6sbach als Veranstaltungsort angemietet werden. Aus Nah und Fern reisten Familien mit ihren Neufundl\u00e4nderhunden an. Besonders freuten wir uns, 4 Welpen aus dem J-Wurf und ein Junghund aus dem I-Wurf wieder zu sehen. &hellip; <a href=\"https:\/\/www.neufundlaender-vom-baerenfels.de\/?p=11507\" class=\"more-link\"><span class=\"screen-reader-text\">ADKN Welpen- und Familientreffen 2025<\/span> weiterlesen <span class=\"meta-nav\">&rarr;<\/span><\/a><\/p>\n","protected":false},"author":1,"featured_media":11513,"comment_status":"closed","ping_status":"closed","sticky":false,"template":"","format":"standard","meta":{"ngg_post_thumbnail":0,"footnotes":""},"categories":[1],"tags":[],"class_list":["post-11507","post","type-post","status-publish","format-standard","has-post-thumbnail","hentry","category-allgemein"],"_links":{"self":[{"href":"https:\/\/www.neufundlaender-vom-baerenfels.de\/index.php?rest_route=\/wp\/v2\/posts\/11507","targetHints":{"allow":["GET"]}}],"collection":[{"href":"https:\/\/www.neufundlaender-vom-baerenfels.de\/index.php?rest_route=\/wp\/v2\/posts"}],"about":[{"href":"https:\/\/www.neufundlaender-vom-baerenfels.de\/index.php?rest_route=\/wp\/v2\/types\/post"}],"author":[{"embeddable":true,"href":"https:\/\/www.neufundlaender-vom-baerenfels.de\/index.php?rest_route=\/wp\/v2\/users\/1"}],"replies":[{"embeddable":true,"href":"https:\/\/www.neufundlaender-vom-baerenfels.de\/index.php?rest_route=%2Fwp%2Fv2%2Fcomments&post=11507"}],"version-history":[{"count":4,"href":"https:\/\/www.neufundlaender-vom-baerenfels.de\/index.php?rest_route=\/wp\/v2\/posts\/11507\/revisions"}],"predecessor-version":[{"id":11514,"href":"https:\/\/www.neufundlaender-vom-baerenfels.de\/index.php?rest_route=\/wp\/v2\/posts\/11507\/revisions\/11514"}],"wp:featuredmedia":[{"embeddable":true,"href":"https:\/\/www.neufundlaender-vom-baerenfels.de\/index.php?rest_route=\/wp\/v2\/media\/11513"}],"wp:attachment":[{"href":"https:\/\/www.neufundlaender-vom-baerenfels.de\/index.php?rest_route=%2Fwp%2Fv2%2Fmedia&parent=11507"}],"wp:term":[{"taxonomy":"category","embeddable":true,"href":"https:\/\/www.neufundlaender-vom-baerenfels.de\/index.php?rest_route=%2Fwp%2Fv2%2Fcategories&post=11507"},{"taxonomy":"post_tag","embeddable":true,"href":"https:\/\/www.neufundlaender-vom-baerenfels.de\/index.php?rest_route=%2Fwp%2Fv2%2Ftags&post=11507"}],"curies":[{"name":"wp","href":"https:\/\/api.w.org\/{rel}","templated":true}]}}