{"id":11544,"date":"2026-09-06T00:38:56","date_gmt":"2026-09-05T22:38:56","guid":{"rendered":"https:\/\/www.neufundlaender-vom-baerenfels.de\/?p=11544"},"modified":"2026-09-06T00:47:43","modified_gmt":"2026-09-05T22:47:43","slug":"manni-im-wasser","status":"publish","type":"post","link":"https:\/\/www.neufundlaender-vom-baerenfels.de\/?p=11544","title":{"rendered":"Manni im Wasser"},"content":{"rendered":"\n<p>Bei den tropischen Temperaturen im Sommer 2026 waren wir mit unserem zweij\u00e4hrigen Neufundl\u00e4nder-R\u00fcden Manni oftmals am Wasser unterwegs. Leider zeigt er sich da sehr z\u00f6gerlich. Er geht zwar gerne ins Wasser, hat aber keine Lust zu schwimmen. Oftmals animiert durch Leckerlis, die er da aus dem Wasser fischte.<\/p>\n<p>Erst, als Tochter Lisa mit ihrer kleinen H\u00fcndinTass dabei war, konnten wir Manni beim Schwimmen beobachten. Aber kein Vergleich zur quirligen Borderh\u00fcndin.<\/p>\n<p>0:00 Main bei Obernburg H\u00f6he Mainanlagen<br \/>0:23 Elsava in Elsenfeld H\u00f6he Bleichwiese<br \/>2:08 M\u00fcmling in Obernburg, H\u00f6he Wasserkraftanlage EZV<\/p>\n\n\n\n<figure class=\"wp-block-embed is-type-video is-provider-youtube wp-block-embed-youtube wp-embed-aspect-16-9 wp-has-aspect-ratio\"><div class=\"wp-block-embed__wrapper\">\n<iframe loading=\"lazy\" title=\"Neufi-R\u00fcde Manni im Wasser\" width=\"474\" height=\"267\" src=\"https:\/\/www.youtube.com\/embed\/L2LJP7GvcjI?feature=oembed\" frameborder=\"0\" allow=\"accelerometer; autoplay; clipboard-write; encrypted-media; gyroscope; picture-in-picture; web-share\" referrerpolicy=\"strict-origin-when-cross-origin\" allowfullscreen><\/iframe>\n<\/div><\/figure>\n","protected":false},"excerpt":{"rendered":"<p>Bei den tropischen Temperaturen im Sommer 2026 waren wir mit unserem zweij\u00e4hrigen Neufundl\u00e4nder-R\u00fcden Manni oftmals am Wasser unterwegs. Leider zeigt er sich da sehr z\u00f6gerlich. Er geht zwar gerne ins Wasser, hat aber keine Lust zu schwimmen. Oftmals animiert durch Leckerlis, die er da aus dem Wasser fischte. Erst, als Tochter Lisa mit ihrer kleinen &hellip; <a href=\"https:\/\/www.neufundlaender-vom-baerenfels.de\/?p=11544\" class=\"more-link\"><span class=\"screen-reader-text\">Manni im Wasser<\/span> weiterlesen <span class=\"meta-nav\">&rarr;<\/span><\/a><\/p>\n","protected":false},"author":1,"featured_media":11547,"comment_status":"closed","ping_status":"closed","sticky":false,"template":"","format":"standard","meta":{"ngg_post_thumbnail":0,"footnotes":""},"categories":[1],"tags":[],"class_list":["post-11544","post","type-post","status-publish","format-standard","has-post-thumbnail","hentry","category-allgemein"],"_links":{"self":[{"href":"https:\/\/www.neufundlaender-vom-baerenfels.de\/index.php?rest_route=\/wp\/v2\/posts\/11544","targetHints":{"allow":["GET"]}}],"collection":[{"href":"https:\/\/www.neufundlaender-vom-baerenfels.de\/index.php?rest_route=\/wp\/v2\/posts"}],"about":[{"href":"https:\/\/www.neufundlaender-vom-baerenfels.de\/index.php?rest_route=\/wp\/v2\/types\/post"}],"author":[{"embeddable":true,"href":"https:\/\/www.neufundlaender-vom-baerenfels.de\/index.php?rest_route=\/wp\/v2\/users\/1"}],"replies":[{"embeddable":true,"href":"https:\/\/www.neufundlaender-vom-baerenfels.de\/index.php?rest_route=%2Fwp%2Fv2%2Fcomments&post=11544"}],"version-history":[{"count":4,"href":"https:\/\/www.neufundlaender-vom-baerenfels.de\/index.php?rest_route=\/wp\/v2\/posts\/11544\/revisions"}],"predecessor-version":[{"id":11550,"href":"https:\/\/www.neufundlaender-vom-baerenfels.de\/index.php?rest_route=\/wp\/v2\/posts\/11544\/revisions\/11550"}],"wp:featuredmedia":[{"embeddable":true,"href":"https:\/\/www.neufundlaender-vom-baerenfels.de\/index.php?rest_route=\/wp\/v2\/media\/11547"}],"wp:attachment":[{"href":"https:\/\/www.neufundlaender-vom-baerenfels.de\/index.php?rest_route=%2Fwp%2Fv2%2Fmedia&parent=11544"}],"wp:term":[{"taxonomy":"category","embeddable":true,"href":"https:\/\/www.neufundlaender-vom-baerenfels.de\/index.php?rest_route=%2Fwp%2Fv2%2Fcategories&post=11544"},{"taxonomy":"post_tag","embeddable":true,"href":"https:\/\/www.neufundlaender-vom-baerenfels.de\/index.php?rest_route=%2Fwp%2Fv2%2Ftags&post=11544"}],"curies":[{"name":"wp","href":"https:\/\/api.w.org\/{rel}","templated":true}]}}