{"id":1906,"date":"2013-10-04T21:52:48","date_gmt":"2013-10-04T19:52:48","guid":{"rendered":"http:\/\/www.neufundlaender-vom-baerenfels.de\/?p=1906"},"modified":"2013-10-04T21:53:43","modified_gmt":"2013-10-04T19:53:43","slug":"video-erster-ausflug-auf-balkon-und-in-die-weite-welt","status":"publish","type":"post","link":"https:\/\/www.neufundlaender-vom-baerenfels.de\/?p=1906","title":{"rendered":"Video &#8211; erster Ausflug auf Balkon und in die weite Welt"},"content":{"rendered":"<p>Unsere beide Racker Anton und Alfred vom B\u00e4renfels genie\u00dfen den Aufenthalt auf dem Balkon. Dieser Bereich ist sonst immer der H\u00fcndin Janka B\u00e4r von der Spessarth\u00f6he vorbehalten. <br \/>Diese ist nat\u00fcrlich nicht ganz so begeistert und muss vor allem den kecken und vorlauten schwarzen R\u00fcden Anton vom B\u00e4renfels in seine Schranken wei\u00dfen.<\/p>\n<p>Die Jungs werden dann noch im Bollerwagen zu ihrem ersten Ausflug auf den Bolzplatz gefahren. Dort toben sie erstmals au\u00dferhalb ihrer gewohnten Umgebung.<\/p>\n<p><iframe loading=\"lazy\" width=\"640\" height=\"480\" src=\"\/\/www.youtube.com\/embed\/p4dvsgqC-74\" frameborder=\"0\" allowfullscreen><\/iframe><\/p>\n","protected":false},"excerpt":{"rendered":"<p>Unsere beide Racker Anton und Alfred vom B\u00e4renfels genie\u00dfen den Aufenthalt auf dem Balkon. Dieser Bereich ist sonst immer der H\u00fcndin Janka B\u00e4r von der Spessarth\u00f6he vorbehalten. Diese ist nat\u00fcrlich nicht ganz so begeistert und muss vor allem den kecken und vorlauten schwarzen R\u00fcden Anton vom B\u00e4renfels in seine Schranken wei\u00dfen. Die Jungs werden dann &hellip; <a href=\"https:\/\/www.neufundlaender-vom-baerenfels.de\/?p=1906\" class=\"more-link\"><span class=\"screen-reader-text\">Video &#8211; erster Ausflug auf Balkon und in die weite Welt<\/span> weiterlesen <span class=\"meta-nav\">&rarr;<\/span><\/a><\/p>\n","protected":false},"author":1,"featured_media":0,"comment_status":"closed","ping_status":"closed","sticky":false,"template":"","format":"gallery","meta":{"ngg_post_thumbnail":0,"footnotes":""},"categories":[29],"tags":[],"class_list":["post-1906","post","type-post","status-publish","format-gallery","hentry","category-welpenvideos","post_format-post-format-gallery"],"_links":{"self":[{"href":"https:\/\/www.neufundlaender-vom-baerenfels.de\/index.php?rest_route=\/wp\/v2\/posts\/1906","targetHints":{"allow":["GET"]}}],"collection":[{"href":"https:\/\/www.neufundlaender-vom-baerenfels.de\/index.php?rest_route=\/wp\/v2\/posts"}],"about":[{"href":"https:\/\/www.neufundlaender-vom-baerenfels.de\/index.php?rest_route=\/wp\/v2\/types\/post"}],"author":[{"embeddable":true,"href":"https:\/\/www.neufundlaender-vom-baerenfels.de\/index.php?rest_route=\/wp\/v2\/users\/1"}],"replies":[{"embeddable":true,"href":"https:\/\/www.neufundlaender-vom-baerenfels.de\/index.php?rest_route=%2Fwp%2Fv2%2Fcomments&post=1906"}],"version-history":[{"count":2,"href":"https:\/\/www.neufundlaender-vom-baerenfels.de\/index.php?rest_route=\/wp\/v2\/posts\/1906\/revisions"}],"predecessor-version":[{"id":1908,"href":"https:\/\/www.neufundlaender-vom-baerenfels.de\/index.php?rest_route=\/wp\/v2\/posts\/1906\/revisions\/1908"}],"wp:attachment":[{"href":"https:\/\/www.neufundlaender-vom-baerenfels.de\/index.php?rest_route=%2Fwp%2Fv2%2Fmedia&parent=1906"}],"wp:term":[{"taxonomy":"category","embeddable":true,"href":"https:\/\/www.neufundlaender-vom-baerenfels.de\/index.php?rest_route=%2Fwp%2Fv2%2Fcategories&post=1906"},{"taxonomy":"post_tag","embeddable":true,"href":"https:\/\/www.neufundlaender-vom-baerenfels.de\/index.php?rest_route=%2Fwp%2Fv2%2Ftags&post=1906"}],"curies":[{"name":"wp","href":"https:\/\/api.w.org\/{rel}","templated":true}]}}