{"id":3554,"date":"2015-05-17T19:59:28","date_gmt":"2015-05-17T18:59:28","guid":{"rendered":"http:\/\/www.neufundlaender-vom-baerenfels.de\/?p=3554"},"modified":"2015-05-17T20:19:19","modified_gmt":"2015-05-17T19:19:19","slug":"sommersiegerschau-am-17-05-2015-in-adelsberg","status":"publish","type":"post","link":"https:\/\/www.neufundlaender-vom-baerenfels.de\/?p=3554","title":{"rendered":"Sommersiegerschau am 17.05.2015 in Adelsberg"},"content":{"rendered":"<p>Am Sonntag, 17.05.2015 veranstaltete die Ortsgruppe Mainspessart des Vereins der Hundeliebhaber e.V. in Gem\u00fcnden\/Adelsberg die Sommersiegerschau.<\/p>\n<p>Es handelt sich um eine nationale Sch\u00f6nheitsschau f\u00fcr Hunde aller Rassen. Leider hatte Silvia Dienst und so meldeten wir nur unseren Jungr\u00fcden Alfred vom B\u00e4renfels in der Offenen Klasse. Unsere beiden Neufi-M\u00e4dels B\u00e4rbel und B\u00e4r-Rosi von der B\u00e4renh\u00f6hle aus Isenb\u00fcttel mussten zuhause\u00a0bleiben.<\/p>\n<p><!--more-->Lisa hatte ihren R\u00fcden Anton in der Junghundklasse gemeldet. Kurz vor 8 Uhr packten wir Alfred,\u00a0Anton und Mischling Daisy in unseren Bulli und ab ging es Richtung Gem\u00fcnden.<\/p>\n<p>Eine Freilichtschau ist nat\u00fcrlich so eine Sache. Bei Regen sitzt man ja nicht so gerne im Freien. Der Wetterbericht im Autoradio teilte bereits am fr\u00fchen Sonntag Bayern\u00a0 in eine Regen- und eine Sonnenh\u00e4lfte ein. Gl\u00fccklicherweise waren wir in Richtung Sonnenh\u00e4lfte unterwegs.<\/p>\n<p>Kurz nach Ausstellungser\u00f6ffnung trafen wir am Ausstellungsgel\u00e4nde ein und konnten uns so direkt am gro\u00dfen Ring einen sch\u00f6nen Platz unter einem Pavillon sichern.<\/p>\n<p>Leider waren nur wenige Neufundl\u00e4nder gemeldet, doch nach und nach trafen doch einige Bekannte ein. Und siehe da: Wie gewohnt wurde es wieder ein sch\u00f6ner Tag unter Gleichgesinnten.<\/p>\n<p>Anton vom B\u00e4renfels konnte in der Junghundklasse ein SG 1 und Alfred in der Offenen Klasse ein V1 mit jeweils sehr guten Bewertungen erreichen.<\/p>\n<p>Um 15:30 Uhr machten wir uns auf den Heimweg. Wir freuen uns schon auf den n\u00e4chsten &#8222;Neufi-Termin&#8220;, die Wanderung in Fulda.<\/p>\n<p><iframe loading=\"lazy\" width=\"560\" height=\"315\" src=\"https:\/\/www.youtube.com\/embed\/rGgGGtFD1aw\" frameborder=\"0\" allowfullscreen><\/iframe><\/p>\n","protected":false},"excerpt":{"rendered":"<p>Am Sonntag, 17.05.2015 veranstaltete die Ortsgruppe Mainspessart des Vereins der Hundeliebhaber e.V. in Gem\u00fcnden\/Adelsberg die Sommersiegerschau. Es handelt sich um eine nationale Sch\u00f6nheitsschau f\u00fcr Hunde aller Rassen. Leider hatte Silvia Dienst und so meldeten wir nur unseren Jungr\u00fcden Alfred vom B\u00e4renfels in der Offenen Klasse. Unsere beiden Neufi-M\u00e4dels B\u00e4rbel und B\u00e4r-Rosi von der B\u00e4renh\u00f6hle aus &hellip; <a href=\"https:\/\/www.neufundlaender-vom-baerenfels.de\/?p=3554\" class=\"more-link\"><span class=\"screen-reader-text\">Sommersiegerschau am 17.05.2015 in Adelsberg<\/span> weiterlesen <span class=\"meta-nav\">&rarr;<\/span><\/a><\/p>\n","protected":false},"author":1,"featured_media":3557,"comment_status":"closed","ping_status":"closed","sticky":false,"template":"","format":"standard","meta":{"ngg_post_thumbnail":0,"footnotes":""},"categories":[3],"tags":[],"class_list":["post-3554","post","type-post","status-publish","format-standard","has-post-thumbnail","hentry","category-aktuelles"],"_links":{"self":[{"href":"https:\/\/www.neufundlaender-vom-baerenfels.de\/index.php?rest_route=\/wp\/v2\/posts\/3554","targetHints":{"allow":["GET"]}}],"collection":[{"href":"https:\/\/www.neufundlaender-vom-baerenfels.de\/index.php?rest_route=\/wp\/v2\/posts"}],"about":[{"href":"https:\/\/www.neufundlaender-vom-baerenfels.de\/index.php?rest_route=\/wp\/v2\/types\/post"}],"author":[{"embeddable":true,"href":"https:\/\/www.neufundlaender-vom-baerenfels.de\/index.php?rest_route=\/wp\/v2\/users\/1"}],"replies":[{"embeddable":true,"href":"https:\/\/www.neufundlaender-vom-baerenfels.de\/index.php?rest_route=%2Fwp%2Fv2%2Fcomments&post=3554"}],"version-history":[{"count":5,"href":"https:\/\/www.neufundlaender-vom-baerenfels.de\/index.php?rest_route=\/wp\/v2\/posts\/3554\/revisions"}],"predecessor-version":[{"id":3562,"href":"https:\/\/www.neufundlaender-vom-baerenfels.de\/index.php?rest_route=\/wp\/v2\/posts\/3554\/revisions\/3562"}],"wp:featuredmedia":[{"embeddable":true,"href":"https:\/\/www.neufundlaender-vom-baerenfels.de\/index.php?rest_route=\/wp\/v2\/media\/3557"}],"wp:attachment":[{"href":"https:\/\/www.neufundlaender-vom-baerenfels.de\/index.php?rest_route=%2Fwp%2Fv2%2Fmedia&parent=3554"}],"wp:term":[{"taxonomy":"category","embeddable":true,"href":"https:\/\/www.neufundlaender-vom-baerenfels.de\/index.php?rest_route=%2Fwp%2Fv2%2Fcategories&post=3554"},{"taxonomy":"post_tag","embeddable":true,"href":"https:\/\/www.neufundlaender-vom-baerenfels.de\/index.php?rest_route=%2Fwp%2Fv2%2Ftags&post=3554"}],"curies":[{"name":"wp","href":"https:\/\/api.w.org\/{rel}","templated":true}]}}