{"id":3575,"date":"2015-06-07T20:22:09","date_gmt":"2015-06-07T19:22:09","guid":{"rendered":"http:\/\/www.neufundlaender-vom-baerenfels.de\/?p=3575"},"modified":"2015-06-07T20:36:48","modified_gmt":"2015-06-07T19:36:48","slug":"tag-des-hundes","status":"publish","type":"post","link":"https:\/\/www.neufundlaender-vom-baerenfels.de\/?p=3575","title":{"rendered":"Tag des Hundes"},"content":{"rendered":"<p>Wir nutzten den Tag des Hundes am Sonntag, 07.06.2015 in Gro\u00dfwallstadt, um die Rasse &#8222;Neufundl\u00e4nder&#8220; vorzustellen.<\/p>\n<p>Lisa hatte in den Neufi-News, der Klubzeitschrift des ADKN, eine Vorank\u00fcndigung ver\u00f6ffentlicht und bei der Jahreshauptversammlung dann Einladungen verteilt.<!--more--><a href=\"https:\/\/www.neufundlaender-vom-baerenfels.de\/wp-content\/uploads\/2015\/06\/Einladung-Tag-des-Hundes.jpg\"><img loading=\"lazy\" decoding=\"async\" class=\"alignnone size-full wp-image-3576\" src=\"https:\/\/www.neufundlaender-vom-baerenfels.de\/wp-content\/uploads\/2015\/06\/Einladung-Tag-des-Hundes.jpg\" alt=\"Einladung Tag des Hundes\" width=\"2479\" height=\"3508\" srcset=\"https:\/\/www.neufundlaender-vom-baerenfels.de\/wp-content\/uploads\/2015\/06\/Einladung-Tag-des-Hundes.jpg 2479w, https:\/\/www.neufundlaender-vom-baerenfels.de\/wp-content\/uploads\/2015\/06\/Einladung-Tag-des-Hundes-212x300.jpg 212w, https:\/\/www.neufundlaender-vom-baerenfels.de\/wp-content\/uploads\/2015\/06\/Einladung-Tag-des-Hundes-724x1024.jpg 724w\" sizes=\"auto, (max-width: 2479px) 100vw, 2479px\" \/><\/a>Gl\u00fccklicherweise hatte es am Sonntag etwas abgek\u00fchlt.<\/p>\n<p>Einige Z\u00fcchter des ADKN hatten sich angek\u00fcndigt: Ulrike und Peter G\u00f6bel aus Reinheim (Neufundl\u00e4nder vom Dilsbach), Bianka und Judith Maier aus Sailauf (Neufundl\u00e4nder vom Engl\u00e4nder).<\/p>\n<p>Diana und Volker Beinlich aus Krombach (Snow Dancer&#8217;s Neufundl\u00e4nder) sind noch kurzfristig eingesprungen, so konnten wir alle Farbschl\u00e4ge vorstellen.<\/p>\n<p>Im\u00a0schattigen Festzelt sa\u00dfen die &#8222;Neufundl\u00e4nderleute&#8220; zusammen und warteten auf den\u00a0&#8222;Auftritt&#8220;.<\/p>\n<p>Lisa beteiligte sich mit dem fast zweij\u00e4hrigen R\u00fcden Anton vom B\u00e4renfels und mit dem Mischling Daisy bei der\u00a0Anf\u00e4ngeragility-Vorf\u00fchrung\u00a0. Danach kamen die Neufundl\u00e4nder dran.<\/p>\n<p>Lisa erl\u00e4uterte die Eigenschaften der Rasse und stellte die anwesenden Hunde vor. Nach der Vorstellung waren unsere B\u00e4ren wieder mal umringt von Interessierten und vor allem die zahlreichen Kinder lie\u00dfen es sich nicht entgehen, einen &#8222;richtigen&#8220; B\u00e4ren zu knuddeln.<\/p>\n<p>Vielen Dank an die Neufundl\u00e4nderfreunde Diana und Volker Beinlich, Ulrike und Peter G\u00f6bel, Judith und Bianka Maier f\u00fcr die Teilnahme. Ich denke, die Rasse Neufundl\u00e4nder wurde w\u00fcrdig vorgestellt.<iframe loading=\"lazy\" src=\"https:\/\/www.youtube.com\/embed\/qo4NNtIOGFI\" width=\"560\" height=\"315\" frameborder=\"0\" allowfullscreen=\"allowfullscreen\"><\/iframe><\/p>\n","protected":false},"excerpt":{"rendered":"<p>Wir nutzten den Tag des Hundes am Sonntag, 07.06.2015 in Gro\u00dfwallstadt, um die Rasse &#8222;Neufundl\u00e4nder&#8220; vorzustellen. Lisa hatte in den Neufi-News, der Klubzeitschrift des ADKN, eine Vorank\u00fcndigung ver\u00f6ffentlicht und bei der Jahreshauptversammlung dann Einladungen verteilt.<\/p>\n","protected":false},"author":1,"featured_media":3578,"comment_status":"closed","ping_status":"closed","sticky":false,"template":"","format":"standard","meta":{"ngg_post_thumbnail":0,"footnotes":""},"categories":[1],"tags":[73,74,71,72,70],"class_list":["post-3575","post","type-post","status-publish","format-standard","has-post-thumbnail","hentry","category-allgemein","tag-neufundlaender-vom-dilsbach","tag-neufundlaender-vom-englaender","tag-rassevorstellung-neufundlaender","tag-snow-dancers-neufundlaender","tag-tag-des-hundes"],"_links":{"self":[{"href":"https:\/\/www.neufundlaender-vom-baerenfels.de\/index.php?rest_route=\/wp\/v2\/posts\/3575","targetHints":{"allow":["GET"]}}],"collection":[{"href":"https:\/\/www.neufundlaender-vom-baerenfels.de\/index.php?rest_route=\/wp\/v2\/posts"}],"about":[{"href":"https:\/\/www.neufundlaender-vom-baerenfels.de\/index.php?rest_route=\/wp\/v2\/types\/post"}],"author":[{"embeddable":true,"href":"https:\/\/www.neufundlaender-vom-baerenfels.de\/index.php?rest_route=\/wp\/v2\/users\/1"}],"replies":[{"embeddable":true,"href":"https:\/\/www.neufundlaender-vom-baerenfels.de\/index.php?rest_route=%2Fwp%2Fv2%2Fcomments&post=3575"}],"version-history":[{"count":5,"href":"https:\/\/www.neufundlaender-vom-baerenfels.de\/index.php?rest_route=\/wp\/v2\/posts\/3575\/revisions"}],"predecessor-version":[{"id":3582,"href":"https:\/\/www.neufundlaender-vom-baerenfels.de\/index.php?rest_route=\/wp\/v2\/posts\/3575\/revisions\/3582"}],"wp:featuredmedia":[{"embeddable":true,"href":"https:\/\/www.neufundlaender-vom-baerenfels.de\/index.php?rest_route=\/wp\/v2\/media\/3578"}],"wp:attachment":[{"href":"https:\/\/www.neufundlaender-vom-baerenfels.de\/index.php?rest_route=%2Fwp%2Fv2%2Fmedia&parent=3575"}],"wp:term":[{"taxonomy":"category","embeddable":true,"href":"https:\/\/www.neufundlaender-vom-baerenfels.de\/index.php?rest_route=%2Fwp%2Fv2%2Fcategories&post=3575"},{"taxonomy":"post_tag","embeddable":true,"href":"https:\/\/www.neufundlaender-vom-baerenfels.de\/index.php?rest_route=%2Fwp%2Fv2%2Ftags&post=3575"}],"curies":[{"name":"wp","href":"https:\/\/api.w.org\/{rel}","templated":true}]}}