{"id":4077,"date":"2016-03-14T23:35:16","date_gmt":"2016-03-14T22:35:16","guid":{"rendered":"http:\/\/www.neufundlaender-vom-baerenfels.de\/?p=4077"},"modified":"2017-10-02T19:44:09","modified_gmt":"2017-10-02T18:44:09","slug":"zuchtzulassung-baer-rosi","status":"publish","type":"post","link":"https:\/\/www.neufundlaender-vom-baerenfels.de\/?p=4077","title":{"rendered":"Zuchtzulassung B\u00e4r-Rosi"},"content":{"rendered":"<p>Endlich wieder eine Zuchth\u00fcndin!<\/p>\n<p>Am 15.01.2016 waren wir mit B\u00e4r-Rosi zum R\u00f6ntgen in der Kleintierklinik Yvonne Lang in Alzenau-H\u00f6rstein.<\/p>\n<p>Die Auswertung vom 28.02.2016 von PD Dr. K. F. Gerlach, Berlin &#8211; FCI-Gutachter:<\/p>\n<p>HD A1=HD-frei<br \/>\nED 0 = Normal<\/p>\n<p>Die erforderlichen Ausstellungen wurden besucht:<br \/>\n11.10.2015 in Alsfeld, Richter: Gerhard Becker, Bensheim<br \/>\n29.11.2015 in Mannheim, Richter: Chantal van Laethem, Belgien<\/p>\n<p>Endlich hatten wir die offizielle Zuchtzulassung des ADKN in H\u00e4nden!<a href=\"https:\/\/www.neufundlaender-vom-baerenfels.de\/?attachment_id=4078\" target=\"_blank\" rel=\"attachment wp-att-4078 noopener\"><img loading=\"lazy\" decoding=\"async\" class=\"aligncenter wp-image-4078\" src=\"https:\/\/www.neufundlaender-vom-baerenfels.de\/wp-content\/uploads\/2016\/03\/Zuchtzulassung-B\u00e4r-Rosi1.jpg\" alt=\"Zuchtzulassung B\u00e4r-Rosi1\" width=\"2546\" height=\"3520\" srcset=\"https:\/\/www.neufundlaender-vom-baerenfels.de\/wp-content\/uploads\/2016\/03\/Zuchtzulassung-B\u00e4r-Rosi1.jpg 2546w, https:\/\/www.neufundlaender-vom-baerenfels.de\/wp-content\/uploads\/2016\/03\/Zuchtzulassung-B\u00e4r-Rosi1-217x300.jpg 217w, https:\/\/www.neufundlaender-vom-baerenfels.de\/wp-content\/uploads\/2016\/03\/Zuchtzulassung-B\u00e4r-Rosi1-768x1062.jpg 768w, https:\/\/www.neufundlaender-vom-baerenfels.de\/wp-content\/uploads\/2016\/03\/Zuchtzulassung-B\u00e4r-Rosi1-741x1024.jpg 741w\" sizes=\"auto, (max-width: 2546px) 100vw, 2546px\" \/><\/a> <a href=\"https:\/\/www.neufundlaender-vom-baerenfels.de\/?attachment_id=4079\" target=\"_blank\" rel=\"attachment wp-att-4079 noopener\"><img loading=\"lazy\" decoding=\"async\" class=\"aligncenter wp-image-4079\" src=\"https:\/\/www.neufundlaender-vom-baerenfels.de\/wp-content\/uploads\/2016\/03\/Zuchtzulassung-B\u00e4r-Rosi2.jpg\" alt=\"Zuchtzulassung B\u00e4r-Rosi2\" width=\"2528\" height=\"3507\" srcset=\"https:\/\/www.neufundlaender-vom-baerenfels.de\/wp-content\/uploads\/2016\/03\/Zuchtzulassung-B\u00e4r-Rosi2.jpg 2528w, https:\/\/www.neufundlaender-vom-baerenfels.de\/wp-content\/uploads\/2016\/03\/Zuchtzulassung-B\u00e4r-Rosi2-216x300.jpg 216w, https:\/\/www.neufundlaender-vom-baerenfels.de\/wp-content\/uploads\/2016\/03\/Zuchtzulassung-B\u00e4r-Rosi2-768x1065.jpg 768w, https:\/\/www.neufundlaender-vom-baerenfels.de\/wp-content\/uploads\/2016\/03\/Zuchtzulassung-B\u00e4r-Rosi2-738x1024.jpg 738w\" sizes=\"auto, (max-width: 2528px) 100vw, 2528px\" \/><\/a><\/p>\n","protected":false},"excerpt":{"rendered":"<p>Endlich wieder eine Zuchth\u00fcndin! Am 15.01.2016 waren wir mit B\u00e4r-Rosi zum R\u00f6ntgen in der Kleintierklinik Yvonne Lang in Alzenau-H\u00f6rstein. Die Auswertung vom 28.02.2016 von PD Dr. K. F. Gerlach, Berlin &#8211; FCI-Gutachter: HD A1=HD-frei ED 0 = Normal Die erforderlichen Ausstellungen wurden besucht: 11.10.2015 in Alsfeld, Richter: Gerhard Becker, Bensheim 29.11.2015 in Mannheim, Richter: Chantal &hellip; <a href=\"https:\/\/www.neufundlaender-vom-baerenfels.de\/?p=4077\" class=\"more-link\"><span class=\"screen-reader-text\">Zuchtzulassung B\u00e4r-Rosi<\/span> weiterlesen <span class=\"meta-nav\">&rarr;<\/span><\/a><\/p>\n","protected":false},"author":1,"featured_media":4069,"comment_status":"closed","ping_status":"closed","sticky":false,"template":"","format":"standard","meta":{"ngg_post_thumbnail":0,"footnotes":""},"categories":[62],"tags":[],"class_list":["post-4077","post","type-post","status-publish","format-standard","has-post-thumbnail","hentry","category-beitraege-baer-rosi-und-baerbel"],"_links":{"self":[{"href":"https:\/\/www.neufundlaender-vom-baerenfels.de\/index.php?rest_route=\/wp\/v2\/posts\/4077","targetHints":{"allow":["GET"]}}],"collection":[{"href":"https:\/\/www.neufundlaender-vom-baerenfels.de\/index.php?rest_route=\/wp\/v2\/posts"}],"about":[{"href":"https:\/\/www.neufundlaender-vom-baerenfels.de\/index.php?rest_route=\/wp\/v2\/types\/post"}],"author":[{"embeddable":true,"href":"https:\/\/www.neufundlaender-vom-baerenfels.de\/index.php?rest_route=\/wp\/v2\/users\/1"}],"replies":[{"embeddable":true,"href":"https:\/\/www.neufundlaender-vom-baerenfels.de\/index.php?rest_route=%2Fwp%2Fv2%2Fcomments&post=4077"}],"version-history":[{"count":6,"href":"https:\/\/www.neufundlaender-vom-baerenfels.de\/index.php?rest_route=\/wp\/v2\/posts\/4077\/revisions"}],"predecessor-version":[{"id":5674,"href":"https:\/\/www.neufundlaender-vom-baerenfels.de\/index.php?rest_route=\/wp\/v2\/posts\/4077\/revisions\/5674"}],"wp:featuredmedia":[{"embeddable":true,"href":"https:\/\/www.neufundlaender-vom-baerenfels.de\/index.php?rest_route=\/wp\/v2\/media\/4069"}],"wp:attachment":[{"href":"https:\/\/www.neufundlaender-vom-baerenfels.de\/index.php?rest_route=%2Fwp%2Fv2%2Fmedia&parent=4077"}],"wp:term":[{"taxonomy":"category","embeddable":true,"href":"https:\/\/www.neufundlaender-vom-baerenfels.de\/index.php?rest_route=%2Fwp%2Fv2%2Fcategories&post=4077"},{"taxonomy":"post_tag","embeddable":true,"href":"https:\/\/www.neufundlaender-vom-baerenfels.de\/index.php?rest_route=%2Fwp%2Fv2%2Ftags&post=4077"}],"curies":[{"name":"wp","href":"https:\/\/api.w.org\/{rel}","templated":true}]}}