{"id":6756,"date":"2019-02-08T21:41:23","date_gmt":"2019-02-08T20:41:23","guid":{"rendered":"https:\/\/www.neufundlaender-vom-baerenfels.de\/?p=6756"},"modified":"2019-02-09T12:54:05","modified_gmt":"2019-02-09T11:54:05","slug":"sonnenschein-und-lebensfreude","status":"publish","type":"post","link":"https:\/\/www.neufundlaender-vom-baerenfels.de\/?p=6756","title":{"rendered":"Sonnenschein und Lebensfreude"},"content":{"rendered":"\n<p>Freitagnachmittag im Februar. Sonnenschein und nichts wie raus mit den Welpen in den Garten. Zur Abwechslung noch ein neues Spielger\u00e4t &#8211; eine H\u00e4ngebr\u00fccke &#8211; aufgestellt und schon k\u00f6nnen die sieben Wochen alten  Fellkn\u00e4ul toben. Und im Alter von sieben Wochen geht es ganz sch\u00f6n ab. Die Milchz\u00e4hnchen sind ziemlich spitz und ab und an muss ein Ohr oder ein Schw\u00e4nzchen vom Wurfgeschwister herhalten!<\/p>\n\n\n\n<p>Mama B\u00e4r-Rosi muss dann nat\u00fcrlich mal wieder den schlimmsten  Racker etwas bremsen und fordert Respekt ein. <\/p>\n\n\n\n<figure class=\"wp-block-embed-youtube wp-block-embed is-type-video is-provider-youtube wp-embed-aspect-16-9 wp-has-aspect-ratio\"><div class=\"wp-block-embed__wrapper\">\n<iframe loading=\"lazy\" title=\"B\u00e4renfels E-Wurf - Sonnentag und Lebensfreude\" width=\"474\" height=\"267\" src=\"https:\/\/www.youtube.com\/embed\/Tx64GOQF2nk?feature=oembed\" frameborder=\"0\" allow=\"accelerometer; autoplay; clipboard-write; encrypted-media; gyroscope; picture-in-picture; web-share\" referrerpolicy=\"strict-origin-when-cross-origin\" allowfullscreen><\/iframe>\n<\/div><\/figure>\n","protected":false},"excerpt":{"rendered":"<p>Freitagnachmittag im Februar. Sonnenschein und nichts wie raus mit den Welpen in den Garten. Zur Abwechslung noch ein neues Spielger\u00e4t &#8211; eine H\u00e4ngebr\u00fccke &#8211; aufgestellt und schon k\u00f6nnen die sieben Wochen alten Fellkn\u00e4ul toben. Und im Alter von sieben Wochen geht es ganz sch\u00f6n ab. Die Milchz\u00e4hnchen sind ziemlich spitz und ab und an muss &hellip; <a href=\"https:\/\/www.neufundlaender-vom-baerenfels.de\/?p=6756\" class=\"more-link\"><span class=\"screen-reader-text\">Sonnenschein und Lebensfreude<\/span> weiterlesen <span class=\"meta-nav\">&rarr;<\/span><\/a><\/p>\n","protected":false},"author":1,"featured_media":6757,"comment_status":"closed","ping_status":"closed","sticky":false,"template":"","format":"standard","meta":{"ngg_post_thumbnail":0,"footnotes":""},"categories":[101],"tags":[],"class_list":["post-6756","post","type-post","status-publish","format-standard","has-post-thumbnail","hentry","category-beitraege-e-wurf"],"_links":{"self":[{"href":"https:\/\/www.neufundlaender-vom-baerenfels.de\/index.php?rest_route=\/wp\/v2\/posts\/6756","targetHints":{"allow":["GET"]}}],"collection":[{"href":"https:\/\/www.neufundlaender-vom-baerenfels.de\/index.php?rest_route=\/wp\/v2\/posts"}],"about":[{"href":"https:\/\/www.neufundlaender-vom-baerenfels.de\/index.php?rest_route=\/wp\/v2\/types\/post"}],"author":[{"embeddable":true,"href":"https:\/\/www.neufundlaender-vom-baerenfels.de\/index.php?rest_route=\/wp\/v2\/users\/1"}],"replies":[{"embeddable":true,"href":"https:\/\/www.neufundlaender-vom-baerenfels.de\/index.php?rest_route=%2Fwp%2Fv2%2Fcomments&post=6756"}],"version-history":[{"count":3,"href":"https:\/\/www.neufundlaender-vom-baerenfels.de\/index.php?rest_route=\/wp\/v2\/posts\/6756\/revisions"}],"predecessor-version":[{"id":6761,"href":"https:\/\/www.neufundlaender-vom-baerenfels.de\/index.php?rest_route=\/wp\/v2\/posts\/6756\/revisions\/6761"}],"wp:featuredmedia":[{"embeddable":true,"href":"https:\/\/www.neufundlaender-vom-baerenfels.de\/index.php?rest_route=\/wp\/v2\/media\/6757"}],"wp:attachment":[{"href":"https:\/\/www.neufundlaender-vom-baerenfels.de\/index.php?rest_route=%2Fwp%2Fv2%2Fmedia&parent=6756"}],"wp:term":[{"taxonomy":"category","embeddable":true,"href":"https:\/\/www.neufundlaender-vom-baerenfels.de\/index.php?rest_route=%2Fwp%2Fv2%2Fcategories&post=6756"},{"taxonomy":"post_tag","embeddable":true,"href":"https:\/\/www.neufundlaender-vom-baerenfels.de\/index.php?rest_route=%2Fwp%2Fv2%2Ftags&post=6756"}],"curies":[{"name":"wp","href":"https:\/\/api.w.org\/{rel}","templated":true}]}}