{"id":7218,"date":"2020-03-11T21:03:53","date_gmt":"2020-03-11T20:03:53","guid":{"rendered":"https:\/\/www.neufundlaender-vom-baerenfels.de\/?p=7218"},"modified":"2020-03-22T20:15:37","modified_gmt":"2020-03-22T19:15:37","slug":"elfriede-auf-der-erz-doppelsiegerschau","status":"publish","type":"post","link":"https:\/\/www.neufundlaender-vom-baerenfels.de\/?p=7218","title":{"rendered":"Elfriede auf der ERZ-Doppeltitelschau"},"content":{"rendered":"\n<p> Am Sonntag, 08.03.2020 haben wir einen anstrengenden Ausstellungstag in Babenhausen erlebt. Unsere 14 Monate alte Elfriede vom B\u00e4renfels war zweimal in der Jugendklasse gemeldet und war sehr erfolgreich. <\/p>\n\n\n\n<p>Sowohl am Vormittag, als auch am Nachmittag konnte sie bei zwei verschiedenen Richtern jeweils den ersten Platz belegen und tr\u00e4gt nun den Titel Deutschlandsieger und  Hessensieger.<\/p>\n\n\n\n<figure class=\"wp-block-embed-youtube wp-block-embed is-type-video is-provider-youtube wp-embed-aspect-16-9 wp-has-aspect-ratio\"><div class=\"wp-block-embed__wrapper\">\n<iframe loading=\"lazy\" title=\"Neufundl\u00e4nderm\u00e4del Elfriede bei der ERZ Doppeltitelschau 2020 Babenhausen\" width=\"474\" height=\"267\" src=\"https:\/\/www.youtube.com\/embed\/_8hSR7ghLoo?feature=oembed\" frameborder=\"0\" allow=\"accelerometer; autoplay; clipboard-write; encrypted-media; gyroscope; picture-in-picture; web-share\" referrerpolicy=\"strict-origin-when-cross-origin\" allowfullscreen><\/iframe>\n<\/div><\/figure>\n\n\n\n<figure class=\"wp-block-embed-youtube wp-block-embed is-type-video is-provider-youtube wp-embed-aspect-16-9 wp-has-aspect-ratio\"><div class=\"wp-block-embed__wrapper\">\n<iframe loading=\"lazy\" title=\"Neufi-M\u00e4del Elfriede in der Jugendklasse Hessensiegerschau Babenhausen 2020\" width=\"474\" height=\"267\" src=\"https:\/\/www.youtube.com\/embed\/jRiD2rOp45c?feature=oembed\" frameborder=\"0\" allow=\"accelerometer; autoplay; clipboard-write; encrypted-media; gyroscope; picture-in-picture; web-share\" referrerpolicy=\"strict-origin-when-cross-origin\" allowfullscreen><\/iframe>\n<\/div><\/figure>\n\n\n\n<p>Durch den ersten Platz in der Jugendklasse durfte Elfriede in den  Ehrenring aller erstplatzierten Neufundl\u00e4nderh\u00fcndinnen der verschiedenen Klassen.  Elfriede war in Topform und konnte sich als j\u00fcngste Vertreterin (Jugendklasse) gegen zahlreiche wundersch\u00f6ne Neufundl\u00e4nderh\u00fcndinnen durchsetzen und konnte den Pokal der Landesgruppensiegerin mit nach Hause nehmen:<\/p>\n\n\n\n<figure class=\"wp-block-embed-youtube wp-block-embed is-type-video is-provider-youtube wp-embed-aspect-16-9 wp-has-aspect-ratio\"><div class=\"wp-block-embed__wrapper\">\n<iframe loading=\"lazy\" title=\"Neufundl\u00e4nderm\u00e4del Elfriede im Ehrenring ERZ-Doppeltitelschau 2020 Babenhausen\" width=\"474\" height=\"267\" src=\"https:\/\/www.youtube.com\/embed\/XM2beV8Onew?start=17&#038;feature=oembed\" frameborder=\"0\" allow=\"accelerometer; autoplay; clipboard-write; encrypted-media; gyroscope; picture-in-picture; web-share\" referrerpolicy=\"strict-origin-when-cross-origin\" allowfullscreen><\/iframe>\n<\/div><\/figure>\n\n\n\n<p>Dann musste Elfriede nochmals in einen Ehrenring. Die erstplatzierten H\u00fcndinnen aller Rassen \u00fcber 45 cm der Jugend-  und Junghundklasse traten nochmal gegeneinander an. Und siehe da: Auch hier wurde Elfriede als Sieger verk\u00fcndet.  Da haben Papa Anton vom B\u00e4renfels und Mama B\u00e4r-Rosi von der B\u00e4renh\u00f6hle Isenb\u00fcttel die besten Eigenschaften vererbt.<\/p>\n\n\n\n<figure class=\"wp-block-embed-youtube wp-block-embed is-type-video is-provider-youtube wp-embed-aspect-16-9 wp-has-aspect-ratio\"><div class=\"wp-block-embed__wrapper\">\n<iframe loading=\"lazy\" title=\"Neufundl\u00e4nderm\u00e4del Elfriede im Ehrenring aller Rassen \u00fcber 45 cm\" width=\"474\" height=\"267\" src=\"https:\/\/www.youtube.com\/embed\/mQTJBDFcOXA?feature=oembed\" frameborder=\"0\" allow=\"accelerometer; autoplay; clipboard-write; encrypted-media; gyroscope; picture-in-picture; web-share\" referrerpolicy=\"strict-origin-when-cross-origin\" allowfullscreen><\/iframe>\n<\/div><\/figure>\n\n\n\n<p><br \/>Allerdings fehlt es Elfriede noch an der Gelassenheit, die Papa Anton bei Ausstellungen an den Tag legt. Die ersten Minuten auf dem Parkplatz, das Betreten der Halle mit vielen Hundebegegnungen war f\u00fcr Elfriede noch sehr aufregend. Da hat sie sich nicht benommen. Wir arbeiten aber noch dran. Im Ring war sie heute aber recht artig. <\/p>\n\n\n","protected":false},"excerpt":{"rendered":"<p>Am Sonntag, 08.03.2020 haben wir einen anstrengenden Ausstellungstag in Babenhausen erlebt. Unsere 14 Monate alte Elfriede vom B\u00e4renfels war zweimal in der Jugendklasse gemeldet und war sehr erfolgreich. Sowohl am Vormittag, als auch am Nachmittag konnte sie bei zwei verschiedenen Richtern jeweils den ersten Platz belegen und tr\u00e4gt nun den Titel Deutschlandsieger und Hessensieger. Durch &hellip; <a href=\"https:\/\/www.neufundlaender-vom-baerenfels.de\/?p=7218\" class=\"more-link\"><span class=\"screen-reader-text\">Elfriede auf der ERZ-Doppeltitelschau<\/span> weiterlesen <span class=\"meta-nav\">&rarr;<\/span><\/a><\/p>\n","protected":false},"author":1,"featured_media":7221,"comment_status":"closed","ping_status":"closed","sticky":false,"template":"","format":"standard","meta":{"ngg_post_thumbnail":0,"footnotes":""},"categories":[3],"tags":[],"class_list":["post-7218","post","type-post","status-publish","format-standard","has-post-thumbnail","hentry","category-aktuelles"],"_links":{"self":[{"href":"https:\/\/www.neufundlaender-vom-baerenfels.de\/index.php?rest_route=\/wp\/v2\/posts\/7218","targetHints":{"allow":["GET"]}}],"collection":[{"href":"https:\/\/www.neufundlaender-vom-baerenfels.de\/index.php?rest_route=\/wp\/v2\/posts"}],"about":[{"href":"https:\/\/www.neufundlaender-vom-baerenfels.de\/index.php?rest_route=\/wp\/v2\/types\/post"}],"author":[{"embeddable":true,"href":"https:\/\/www.neufundlaender-vom-baerenfels.de\/index.php?rest_route=\/wp\/v2\/users\/1"}],"replies":[{"embeddable":true,"href":"https:\/\/www.neufundlaender-vom-baerenfels.de\/index.php?rest_route=%2Fwp%2Fv2%2Fcomments&post=7218"}],"version-history":[{"count":8,"href":"https:\/\/www.neufundlaender-vom-baerenfels.de\/index.php?rest_route=\/wp\/v2\/posts\/7218\/revisions"}],"predecessor-version":[{"id":7230,"href":"https:\/\/www.neufundlaender-vom-baerenfels.de\/index.php?rest_route=\/wp\/v2\/posts\/7218\/revisions\/7230"}],"wp:featuredmedia":[{"embeddable":true,"href":"https:\/\/www.neufundlaender-vom-baerenfels.de\/index.php?rest_route=\/wp\/v2\/media\/7221"}],"wp:attachment":[{"href":"https:\/\/www.neufundlaender-vom-baerenfels.de\/index.php?rest_route=%2Fwp%2Fv2%2Fmedia&parent=7218"}],"wp:term":[{"taxonomy":"category","embeddable":true,"href":"https:\/\/www.neufundlaender-vom-baerenfels.de\/index.php?rest_route=%2Fwp%2Fv2%2Fcategories&post=7218"},{"taxonomy":"post_tag","embeddable":true,"href":"https:\/\/www.neufundlaender-vom-baerenfels.de\/index.php?rest_route=%2Fwp%2Fv2%2Ftags&post=7218"}],"curies":[{"name":"wp","href":"https:\/\/api.w.org\/{rel}","templated":true}]}}