{"id":8808,"date":"2021-04-20T17:52:00","date_gmt":"2021-04-20T16:52:00","guid":{"rendered":"https:\/\/www.neufundlaender-vom-baerenfels.de\/?p=8808"},"modified":"2022-03-13T20:14:24","modified_gmt":"2022-03-13T19:14:24","slug":"kampf-neufi-alred","status":"publish","type":"post","link":"https:\/\/www.neufundlaender-vom-baerenfels.de\/?p=8808","title":{"rendered":"Kampf-Neufi Alfred"},"content":{"rendered":"\n<p>Die G-chen sind zwischenzeitlich ausgezogen. Wie immer, ist uns der Abschied recht schwer gefallen. Aber wenn wir beim Knipsen der Abschiedsbilder in die strahlenden Augen der neuen Besitzern schauen, wird der Abschiedsschmerz gelindert.<\/p>\n<p>Und nach \u00fcber neun Wochen die ersten Nacht mal durchschlafen, ohne auf die Welpen zu achten,&nbsp; ist nach so langer Zeit etwas ganz besonderes.<\/p>\n<p>Unser Neufi-R\u00fcde Alfred ist froh, dass die Welpen alle ausgezogen sind. Keine Absperrung mehr im Garten, keine wuseligen B\u00e4rchen, die auf einem zukommen und einem bel\u00e4stigen.<\/p>\n<p>Heute war er gut drauf und ist nach drau\u00dfen gesprintet und hat sein Spielseil geholt. Da muss man schon auf die Finger aufpassen, damit diese nicht versehentlich zwischen die Z\u00e4hne kommen.&nbsp; Auch der Quitschball wird von Alfred gerne in die Mangel genommen. Und da darf nur Herrchen mitspielen. Die beiden Neufi-M\u00e4dels halten sich da wohlweislich zur\u00fcck und mischen sich lieber nicht ein.<\/p>\n\n\n\n<figure class=\"wp-block-embed is-type-video is-provider-youtube wp-block-embed-youtube wp-embed-aspect-16-9 wp-has-aspect-ratio\"><div class=\"wp-block-embed__wrapper\">\n<iframe loading=\"lazy\" title=\"Kampf-Neufundl\u00e4nder-R\u00fcde Alfred\" width=\"474\" height=\"267\" src=\"https:\/\/www.youtube.com\/embed\/8fRFJ78Xs_8?feature=oembed\" frameborder=\"0\" allow=\"accelerometer; autoplay; clipboard-write; encrypted-media; gyroscope; picture-in-picture; web-share\" referrerpolicy=\"strict-origin-when-cross-origin\" allowfullscreen><\/iframe>\n<\/div><\/figure>\n","protected":false},"excerpt":{"rendered":"<p>Die G-chen sind zwischenzeitlich ausgezogen. Wie immer, ist uns der Abschied recht schwer gefallen. Aber wenn wir beim Knipsen der Abschiedsbilder in die strahlenden Augen der neuen Besitzern schauen, wird der Abschiedsschmerz gelindert. Und nach \u00fcber neun Wochen die ersten Nacht mal durchschlafen, ohne auf die Welpen zu achten,&nbsp; ist nach so langer Zeit etwas &hellip; <a href=\"https:\/\/www.neufundlaender-vom-baerenfels.de\/?p=8808\" class=\"more-link\"><span class=\"screen-reader-text\">Kampf-Neufi Alfred<\/span> weiterlesen <span class=\"meta-nav\">&rarr;<\/span><\/a><\/p>\n","protected":false},"author":1,"featured_media":8811,"comment_status":"closed","ping_status":"closed","sticky":false,"template":"","format":"standard","meta":{"ngg_post_thumbnail":0,"footnotes":""},"categories":[31],"tags":[],"class_list":["post-8808","post","type-post","status-publish","format-standard","has-post-thumbnail","hentry","category-beitraege-alfred"],"_links":{"self":[{"href":"https:\/\/www.neufundlaender-vom-baerenfels.de\/index.php?rest_route=\/wp\/v2\/posts\/8808","targetHints":{"allow":["GET"]}}],"collection":[{"href":"https:\/\/www.neufundlaender-vom-baerenfels.de\/index.php?rest_route=\/wp\/v2\/posts"}],"about":[{"href":"https:\/\/www.neufundlaender-vom-baerenfels.de\/index.php?rest_route=\/wp\/v2\/types\/post"}],"author":[{"embeddable":true,"href":"https:\/\/www.neufundlaender-vom-baerenfels.de\/index.php?rest_route=\/wp\/v2\/users\/1"}],"replies":[{"embeddable":true,"href":"https:\/\/www.neufundlaender-vom-baerenfels.de\/index.php?rest_route=%2Fwp%2Fv2%2Fcomments&post=8808"}],"version-history":[{"count":5,"href":"https:\/\/www.neufundlaender-vom-baerenfels.de\/index.php?rest_route=\/wp\/v2\/posts\/8808\/revisions"}],"predecessor-version":[{"id":8816,"href":"https:\/\/www.neufundlaender-vom-baerenfels.de\/index.php?rest_route=\/wp\/v2\/posts\/8808\/revisions\/8816"}],"wp:featuredmedia":[{"embeddable":true,"href":"https:\/\/www.neufundlaender-vom-baerenfels.de\/index.php?rest_route=\/wp\/v2\/media\/8811"}],"wp:attachment":[{"href":"https:\/\/www.neufundlaender-vom-baerenfels.de\/index.php?rest_route=%2Fwp%2Fv2%2Fmedia&parent=8808"}],"wp:term":[{"taxonomy":"category","embeddable":true,"href":"https:\/\/www.neufundlaender-vom-baerenfels.de\/index.php?rest_route=%2Fwp%2Fv2%2Fcategories&post=8808"},{"taxonomy":"post_tag","embeddable":true,"href":"https:\/\/www.neufundlaender-vom-baerenfels.de\/index.php?rest_route=%2Fwp%2Fv2%2Ftags&post=8808"}],"curies":[{"name":"wp","href":"https:\/\/api.w.org\/{rel}","templated":true}]}}