{"id":9877,"date":"2022-06-25T10:23:47","date_gmt":"2022-06-25T09:23:47","guid":{"rendered":"https:\/\/www.neufundlaender-vom-baerenfels.de\/?p=9877"},"modified":"2022-06-25T10:29:44","modified_gmt":"2022-06-25T09:29:44","slug":"leni-und-ruede-anton","status":"publish","type":"post","link":"https:\/\/www.neufundlaender-vom-baerenfels.de\/?p=9877","title":{"rendered":"Leni und R\u00fcde Anton"},"content":{"rendered":"\n\n\n<p>Vor vier Wochen mussten wir unseren braunen R\u00fcden Alfred gehen lassen. Wir sind erstaunt, dass unsere H\u00fcndinnen noch keinen Aufstand geprobt habe, um die Rudelf\u00fchrung zu kl\u00e4ren. B\u00e4rbel ist anscheinend nach wie vor das rangh\u00f6chste Rudelmitglied.<\/p>\n<p>Allerdings muss niemand von den H\u00fcndinnen an den Balkon, um die Stra\u00dfe zu \u00fcberwachen. Das \u00fcberlassen sie anscheinend&nbsp; R\u00fcde Anton, der bei der Tochter in der Einliegerwohnung unmittelbar den Auslauf zur Stra\u00dfe hin hat und somit den Wachdienst \u00fcbernimmt.<\/p>\n<p>Nun k\u00f6nnen wir am Offenstall auch wieder unser Rudel mit Anton zusammenf\u00fchren, ohne eine Fehde zwischen den Br\u00fcdern Anton und Alfred zu riskieren. Frieda und Leni interessieren sich nat\u00fcrlich sehr f\u00fcr den schwarzen R\u00fcden.<\/p>\n\n\n\n<figure class=\"wp-block-embed is-type-video is-provider-youtube wp-block-embed-youtube wp-embed-aspect-16-9 wp-has-aspect-ratio\"><div class=\"wp-block-embed__wrapper\">\n<iframe loading=\"lazy\" title=\"Neufi-M\u00e4del Leni und R\u00fcde Anton\" width=\"474\" height=\"267\" src=\"https:\/\/www.youtube.com\/embed\/i_01Uve3QQ8?feature=oembed\" frameborder=\"0\" allow=\"accelerometer; autoplay; clipboard-write; encrypted-media; gyroscope; picture-in-picture; web-share\" referrerpolicy=\"strict-origin-when-cross-origin\" allowfullscreen><\/iframe>\n<\/div><\/figure>\n","protected":false},"excerpt":{"rendered":"<p>Vor vier Wochen mussten wir unseren braunen R\u00fcden Alfred gehen lassen. Wir sind erstaunt, dass unsere H\u00fcndinnen noch keinen Aufstand geprobt habe, um die Rudelf\u00fchrung zu kl\u00e4ren. B\u00e4rbel ist anscheinend nach wie vor das rangh\u00f6chste Rudelmitglied. Allerdings muss niemand von den H\u00fcndinnen an den Balkon, um die Stra\u00dfe zu \u00fcberwachen. Das \u00fcberlassen sie anscheinend&nbsp; R\u00fcde &hellip; <a href=\"https:\/\/www.neufundlaender-vom-baerenfels.de\/?p=9877\" class=\"more-link\"><span class=\"screen-reader-text\">Leni und R\u00fcde Anton<\/span> weiterlesen <span class=\"meta-nav\">&rarr;<\/span><\/a><\/p>\n","protected":false},"author":1,"featured_media":9879,"comment_status":"closed","ping_status":"closed","sticky":false,"template":"","format":"standard","meta":{"ngg_post_thumbnail":0,"footnotes":""},"categories":[117],"tags":[],"class_list":["post-9877","post","type-post","status-publish","format-standard","has-post-thumbnail","hentry","category-helene-vom-baerenfels"],"_links":{"self":[{"href":"https:\/\/www.neufundlaender-vom-baerenfels.de\/index.php?rest_route=\/wp\/v2\/posts\/9877","targetHints":{"allow":["GET"]}}],"collection":[{"href":"https:\/\/www.neufundlaender-vom-baerenfels.de\/index.php?rest_route=\/wp\/v2\/posts"}],"about":[{"href":"https:\/\/www.neufundlaender-vom-baerenfels.de\/index.php?rest_route=\/wp\/v2\/types\/post"}],"author":[{"embeddable":true,"href":"https:\/\/www.neufundlaender-vom-baerenfels.de\/index.php?rest_route=\/wp\/v2\/users\/1"}],"replies":[{"embeddable":true,"href":"https:\/\/www.neufundlaender-vom-baerenfels.de\/index.php?rest_route=%2Fwp%2Fv2%2Fcomments&post=9877"}],"version-history":[{"count":3,"href":"https:\/\/www.neufundlaender-vom-baerenfels.de\/index.php?rest_route=\/wp\/v2\/posts\/9877\/revisions"}],"predecessor-version":[{"id":9882,"href":"https:\/\/www.neufundlaender-vom-baerenfels.de\/index.php?rest_route=\/wp\/v2\/posts\/9877\/revisions\/9882"}],"wp:featuredmedia":[{"embeddable":true,"href":"https:\/\/www.neufundlaender-vom-baerenfels.de\/index.php?rest_route=\/wp\/v2\/media\/9879"}],"wp:attachment":[{"href":"https:\/\/www.neufundlaender-vom-baerenfels.de\/index.php?rest_route=%2Fwp%2Fv2%2Fmedia&parent=9877"}],"wp:term":[{"taxonomy":"category","embeddable":true,"href":"https:\/\/www.neufundlaender-vom-baerenfels.de\/index.php?rest_route=%2Fwp%2Fv2%2Fcategories&post=9877"},{"taxonomy":"post_tag","embeddable":true,"href":"https:\/\/www.neufundlaender-vom-baerenfels.de\/index.php?rest_route=%2Fwp%2Fv2%2Ftags&post=9877"}],"curies":[{"name":"wp","href":"https:\/\/api.w.org\/{rel}","templated":true}]}}